{"id":121530,"date":"2020-02-07T15:38:44","date_gmt":"2020-02-07T14:38:44","guid":{"rendered":"https:\/\/zjarr.tv\/?p=121530"},"modified":"2020-02-07T15:38:44","modified_gmt":"2020-02-07T14:38:44","slug":"basha-pershendes-deklaraten-e-misionit-te-kie","status":"publish","type":"post","link":"https:\/\/zjarr.tv\/en\/basha-pershendes-deklaraten-e-misionit-te-kie\/","title":{"rendered":"Basha: P\u00ebrsh\u00ebndes deklarat\u00ebn e Misionit t\u00eb KiE"},"content":{"rendered":"<p>Kryetari i Partis\u00eb Demokratike Lulzim Basha ka p\u00ebrsh\u00ebndetur sot deklarat\u00ebn e zyrtar\u00ebve t\u00eb K\u00ebshillit t\u00eb Europ\u00ebs. Basha deklaron se KiE ritheksoi se n\u00eb 30 qershor nuk pati zgjedhje dhe se beteja m\u00eb jetike sot \u00ebsht\u00eb p\u00ebr zgjedhje t\u00eb lira.<\/p>\n<p>\u201cP\u00ebrsh\u00ebndes deklarat\u00ebn e Misionit t\u00eb KiE q\u00eb ritheksoi se n\u00eb 30\/06 nuk pati zgjedhje, se pushteti vendor sot nuk \u00ebsht\u00eb pluralist, dhe as i qytetar\u00ebve. Beteja m\u00eb jetike sot \u00ebsht\u00eb p\u00ebr zgjedhje t\u00eb lira dhe t\u00eb ndershme, p\u00ebr ti kthyer qytetar\u00ebve qeverisjen legjitime qendrore dhe vendore\u201d, shkruan Basha.<\/p>\n<p>&nbsp;<\/p>","protected":false},"excerpt":{"rendered":"<p>Kryetari i Partis\u00eb Demokratike Lulzim Basha ka p\u00ebrsh\u00ebndetur sot deklarat\u00ebn e zyrtar\u00ebve t\u00eb K\u00ebshillit t\u00eb Europ\u00ebs. Basha deklaron se KiE ritheksoi se n\u00eb 30 qershor nuk pati zgjedhje dhe se beteja m\u00eb jetike sot \u00ebsht\u00eb p\u00ebr zgjedhje t\u00eb lira. \u201cP\u00ebrsh\u00ebndes deklarat\u00ebn e Misionit t\u00eb KiE q\u00eb ritheksoi se n\u00eb 30\/06 nuk pati zgjedhje, se pushteti [&hellip;]<\/p>\n","protected":false},"author":2013,"featured_media":94253,"comment_status":"open","ping_status":"closed","sticky":false,"template":"","format":"standard","meta":{"footnotes":""},"categories":[241,235],"tags":[],"class_list":{"0":"post-121530","1":"post","2":"type-post","3":"status-publish","4":"format-standard","5":"has-post-thumbnail","7":"category-aktualitet","8":"category-vendi"},"_links":{"self":[{"href":"https:\/\/zjarr.tv\/en\/wp-json\/wp\/v2\/posts\/121530","targetHints":{"allow":["GET"]}}],"collection":[{"href":"https:\/\/zjarr.tv\/en\/wp-json\/wp\/v2\/posts"}],"about":[{"href":"https:\/\/zjarr.tv\/en\/wp-json\/wp\/v2\/types\/post"}],"author":[{"embeddable":true,"href":"https:\/\/zjarr.tv\/en\/wp-json\/wp\/v2\/users\/2013"}],"replies":[{"embeddable":true,"href":"https:\/\/zjarr.tv\/en\/wp-json\/wp\/v2\/comments?post=121530"}],"version-history":[{"count":0,"href":"https:\/\/zjarr.tv\/en\/wp-json\/wp\/v2\/posts\/121530\/revisions"}],"wp:featuredmedia":[{"embeddable":true,"href":"https:\/\/zjarr.tv\/en\/wp-json\/wp\/v2\/media\/94253"}],"wp:attachment":[{"href":"https:\/\/zjarr.tv\/en\/wp-json\/wp\/v2\/media?parent=121530"}],"wp:term":[{"taxonomy":"category","embeddable":true,"href":"https:\/\/zjarr.tv\/en\/wp-json\/wp\/v2\/categories?post=121530"},{"taxonomy":"post_tag","embeddable":true,"href":"https:\/\/zjarr.tv\/en\/wp-json\/wp\/v2\/tags?post=121530"}],"curies":[{"name":"wp","href":"https:\/\/api.w.org\/{rel}","templated":true}]}}