{"id":121536,"date":"2020-02-07T15:52:55","date_gmt":"2020-02-07T14:52:55","guid":{"rendered":"https:\/\/zjarr.tv\/?p=121536"},"modified":"2020-02-07T15:52:55","modified_gmt":"2020-02-07T14:52:55","slug":"bravo-per-kck-e-ofeli-metes-mesazhi-ironizues-i-ish-ministrit","status":"publish","type":"post","link":"https:\/\/zjarr.tv\/en\/bravo-per-kck-e-ofeli-metes-mesazhi-ironizues-i-ish-ministrit\/","title":{"rendered":"\u201cBravo p\u00ebr K\u00c7K e OFeLi\u201d, Met\u00ebs\u2026\u201d, mesazhi ironizues i ish-ministrit"},"content":{"rendered":"<p>Ish-ministri i Drejt\u00ebsis\u00eb, Ylli Manjani nuk i ka kursyer ironit\u00eb n\u00eb drejtim t\u00eb Operacionit Forca e Ligjit, e cila po godet eksponent\u00eb t\u00eb krimit dhe asetet e tyre kriminale. Manjani n\u00eb k\u00ebt\u00eb linj\u00eb shton se \u201cN\u00ebse Pompeo i ka th\u00ebn\u00eb Ram\u00ebs \u201cBravo p\u00ebr K\u00c7K e OFeLi\u201d, besoj edhe Met\u00ebs do i ket\u00eb th\u00ebn\u00eb \u201cT\u00eb lumt\u00eb dora kur t\u00eb mos e dekretosh\u201d\u2026\ud83d\ude02\u201d.<\/p>\n<p>Kujtojm\u00eb se prej disa dit\u00ebsh OFL ka nisur aksionin p\u00ebr sekuestrimin e pasurive q\u00eb jan\u00eb krijuar nga veprimtari kriminale.<\/p>","protected":false},"excerpt":{"rendered":"<p>Ish-ministri i Drejt\u00ebsis\u00eb, Ylli Manjani nuk i ka kursyer ironit\u00eb n\u00eb drejtim t\u00eb Operacionit Forca e Ligjit, e cila po godet eksponent\u00eb t\u00eb krimit dhe asetet e tyre kriminale. Manjani n\u00eb k\u00ebt\u00eb linj\u00eb shton se \u201cN\u00ebse Pompeo i ka th\u00ebn\u00eb Ram\u00ebs \u201cBravo p\u00ebr K\u00c7K e OFeLi\u201d, besoj edhe Met\u00ebs do i ket\u00eb th\u00ebn\u00eb \u201cT\u00eb lumt\u00eb [&hellip;]<\/p>\n","protected":false},"author":2013,"featured_media":58237,"comment_status":"open","ping_status":"closed","sticky":false,"template":"","format":"standard","meta":{"footnotes":""},"categories":[241,235],"tags":[],"class_list":{"0":"post-121536","1":"post","2":"type-post","3":"status-publish","4":"format-standard","5":"has-post-thumbnail","7":"category-aktualitet","8":"category-vendi"},"_links":{"self":[{"href":"https:\/\/zjarr.tv\/en\/wp-json\/wp\/v2\/posts\/121536","targetHints":{"allow":["GET"]}}],"collection":[{"href":"https:\/\/zjarr.tv\/en\/wp-json\/wp\/v2\/posts"}],"about":[{"href":"https:\/\/zjarr.tv\/en\/wp-json\/wp\/v2\/types\/post"}],"author":[{"embeddable":true,"href":"https:\/\/zjarr.tv\/en\/wp-json\/wp\/v2\/users\/2013"}],"replies":[{"embeddable":true,"href":"https:\/\/zjarr.tv\/en\/wp-json\/wp\/v2\/comments?post=121536"}],"version-history":[{"count":0,"href":"https:\/\/zjarr.tv\/en\/wp-json\/wp\/v2\/posts\/121536\/revisions"}],"wp:featuredmedia":[{"embeddable":true,"href":"https:\/\/zjarr.tv\/en\/wp-json\/wp\/v2\/media\/58237"}],"wp:attachment":[{"href":"https:\/\/zjarr.tv\/en\/wp-json\/wp\/v2\/media?parent=121536"}],"wp:term":[{"taxonomy":"category","embeddable":true,"href":"https:\/\/zjarr.tv\/en\/wp-json\/wp\/v2\/categories?post=121536"},{"taxonomy":"post_tag","embeddable":true,"href":"https:\/\/zjarr.tv\/en\/wp-json\/wp\/v2\/tags?post=121536"}],"curies":[{"name":"wp","href":"https:\/\/api.w.org\/{rel}","templated":true}]}}