{"id":121538,"date":"2020-02-07T15:55:53","date_gmt":"2020-02-07T14:55:53","guid":{"rendered":"https:\/\/zjarr.tv\/?p=121538"},"modified":"2020-02-07T15:55:53","modified_gmt":"2020-02-07T14:55:53","slug":"rama-per-legjenden-pagarusha-prehu-ne-paqe-zonje-e-madhe","status":"publish","type":"post","link":"https:\/\/zjarr.tv\/en\/rama-per-legjenden-pagarusha-prehu-ne-paqe-zonje-e-madhe\/","title":{"rendered":"Rama p\u00ebr legjend\u00ebn Pagarusha: Prehu n\u00eb paqe zonj\u00eb e madhe!"},"content":{"rendered":"<p>\u201cI pashlyesh\u00ebm mbetet kujtimi i saj\u201d. K\u00ebshtu shkruan kryeministri Edi Rama p\u00ebr legjend\u00ebn e muzik\u00ebs shqiptare Nexhmij\u00eb Pagarusha. N\u00eb nj\u00eb status n\u00eb \u201cFacebook\u201d, Rama shkruan se nj\u00eb z\u00eb i rrall\u00eb dhe nj\u00eb zonj\u00eb e rrall\u00eb nuk \u00ebsht\u00eb m\u00eb mes nesh.<\/p>\n<p>\u201cNj\u00eb z\u00eb i rrall\u00eb dhe nj\u00eb zonj\u00eb e rrall\u00eb, Nexhmije Pagarusha, nuk \u00ebsht\u00eb m\u00eb mes nesh, por brenda i pashlyesh\u00ebm mbetet kujtimi i saj. Prehu n\u00eb paqe zonj\u00eb e madhe\ud83d\ude4f\u201d, shkruan Rama.<\/p>\n<figure id=\"attachment_1229685\" class=\"wp-caption alignnone\"><a href=\"https:\/\/www.balkanweb.com\/wp-content\/uploads\/2020\/02\/Rama-fb-1.png\" rel=\"lightbox\"><img loading=\"lazy\" decoding=\"async\" class=\"size-full wp-image-1229685\" src=\"https:\/\/www.balkanweb.com\/wp-content\/uploads\/2020\/02\/Rama-fb-1.png\" sizes=\"auto, (max-width: 553px) 100vw, 553px\" srcset=\"https:\/\/www.balkanweb.com\/wp-content\/uploads\/2020\/02\/Rama-fb-1.png 553w, https:\/\/www.balkanweb.com\/wp-content\/uploads\/2020\/02\/Rama-fb-1-323x280.png 323w, https:\/\/www.balkanweb.com\/wp-content\/uploads\/2020\/02\/Rama-fb-1-404x350.png 404w, https:\/\/www.balkanweb.com\/wp-content\/uploads\/2020\/02\/Rama-fb-1-304x263.png 304w, https:\/\/www.balkanweb.com\/wp-content\/uploads\/2020\/02\/Rama-fb-1-92x80.png 92w, https:\/\/www.balkanweb.com\/wp-content\/uploads\/2020\/02\/Rama-fb-1-520x450.png 520w\" alt=\"Rama Fb\" width=\"553\" height=\"479\" \/><\/a><\/figure>","protected":false},"excerpt":{"rendered":"<p>\u201cI pashlyesh\u00ebm mbetet kujtimi i saj\u201d. K\u00ebshtu shkruan kryeministri Edi Rama p\u00ebr legjend\u00ebn e muzik\u00ebs shqiptare Nexhmij\u00eb Pagarusha. N\u00eb nj\u00eb status n\u00eb \u201cFacebook\u201d, Rama shkruan se nj\u00eb z\u00eb i rrall\u00eb dhe nj\u00eb zonj\u00eb e rrall\u00eb nuk \u00ebsht\u00eb m\u00eb mes nesh. \u201cNj\u00eb z\u00eb i rrall\u00eb dhe nj\u00eb zonj\u00eb e rrall\u00eb, Nexhmije Pagarusha, nuk \u00ebsht\u00eb m\u00eb mes [&hellip;]<\/p>\n","protected":false},"author":2013,"featured_media":121539,"comment_status":"open","ping_status":"closed","sticky":false,"template":"","format":"standard","meta":{"footnotes":""},"categories":[241,235],"tags":[],"class_list":{"0":"post-121538","1":"post","2":"type-post","3":"status-publish","4":"format-standard","5":"has-post-thumbnail","7":"category-aktualitet","8":"category-vendi"},"_links":{"self":[{"href":"https:\/\/zjarr.tv\/en\/wp-json\/wp\/v2\/posts\/121538","targetHints":{"allow":["GET"]}}],"collection":[{"href":"https:\/\/zjarr.tv\/en\/wp-json\/wp\/v2\/posts"}],"about":[{"href":"https:\/\/zjarr.tv\/en\/wp-json\/wp\/v2\/types\/post"}],"author":[{"embeddable":true,"href":"https:\/\/zjarr.tv\/en\/wp-json\/wp\/v2\/users\/2013"}],"replies":[{"embeddable":true,"href":"https:\/\/zjarr.tv\/en\/wp-json\/wp\/v2\/comments?post=121538"}],"version-history":[{"count":0,"href":"https:\/\/zjarr.tv\/en\/wp-json\/wp\/v2\/posts\/121538\/revisions"}],"wp:featuredmedia":[{"embeddable":true,"href":"https:\/\/zjarr.tv\/en\/wp-json\/wp\/v2\/media\/121539"}],"wp:attachment":[{"href":"https:\/\/zjarr.tv\/en\/wp-json\/wp\/v2\/media?parent=121538"}],"wp:term":[{"taxonomy":"category","embeddable":true,"href":"https:\/\/zjarr.tv\/en\/wp-json\/wp\/v2\/categories?post=121538"},{"taxonomy":"post_tag","embeddable":true,"href":"https:\/\/zjarr.tv\/en\/wp-json\/wp\/v2\/tags?post=121538"}],"curies":[{"name":"wp","href":"https:\/\/api.w.org\/{rel}","templated":true}]}}