{"id":121546,"date":"2020-02-08T11:37:14","date_gmt":"2020-02-08T10:37:14","guid":{"rendered":"https:\/\/zjarr.tv\/?p=121546"},"modified":"2020-02-08T11:37:14","modified_gmt":"2020-02-08T10:37:14","slug":"elbasan-aksident-i-rende-ne-paperr-autovetura-perfundon-ne-rrjedhen-e-shkumbinit","status":"publish","type":"post","link":"https:\/\/zjarr.tv\/en\/elbasan-aksident-i-rende-ne-paperr-autovetura-perfundon-ne-rrjedhen-e-shkumbinit\/","title":{"rendered":"Elbasan, Aksident i r\u00ebnd\u00eb n\u0113 Pap\u00ebrr, autovetura p\u00ebrfundon n\u00eb rrjedh\u00ebn e Shkumbinit"},"content":{"rendered":"<p>Nj\u00eb aksident i r\u00ebnd\u00eb \u00ebsht\u00eb rregjistruar n\u00eb mesnat\u00eb n\u00eb aksin e rrug\u00ebs komb\u00ebtare, Elbasan-Peqin. Nj\u00eb autovetur\u00eb ka dal\u00eb nga rruga dhe ka p\u00ebrfunduar jasht\u00eb saj duke u rrokullisur disa metra. P\u00ebr pak momente automjeti nuk ka p\u00ebrfunduar n\u00eb rrjedh\u00ebn e lumit Shkumbin, pasi ka ngecuar midis akacieve, por m\u00eb pas ka r\u00ebn\u00eb n\u00eb uj\u00eb. Si rezultat i aksidentit automjeti \u00ebsht\u00eb shkat\u00ebrruar, nd\u00ebrsa drejtuesi e ka pasur t\u00eb pamundur t\u00eb dilte prej tij duke u mbytur n\u00eb lum\u00eb. Sh\u00ebrbimit zjarrfik\u00ebs i \u00ebsht\u00eb dashur t\u00eb punojn\u00eb rreth 30 minuta n\u00eb thell\u00ebsin\u00eb e rrjedh\u0113s s\u00eb Shkumbinit p\u00ebr nxjerrjen e trupit t\u00eb pajet\u00eb t\u00eb drejtuesit t\u00eb automjetit.<\/p>\n<p>Zjarrfik\u00ebsit kan\u00eb sharruar pjes\u00eb t\u00eb ndryshme t\u00eb automjetit p\u00ebr t\u00eb nxjerr\u00eb viktim\u00ebn jasht\u00eb. Nd\u00ebrkaq policia po heton rrethanat dhe shkaqet e k\u00ebtij aksidenti t\u00eb r\u00ebnd\u00eb, paraprakisht raportohet se n\u00eb automjet mendohet se ka qen\u00eb vet\u00ebm drejtuesi i cili ka humbur jet\u00ebn.<\/p>","protected":false},"excerpt":{"rendered":"<p>Nj\u00eb aksident i r\u00ebnd\u00eb \u00ebsht\u00eb rregjistruar n\u00eb mesnat\u00eb n\u00eb aksin e rrug\u00ebs komb\u00ebtare, Elbasan-Peqin. Nj\u00eb autovetur\u00eb ka dal\u00eb nga rruga dhe ka p\u00ebrfunduar jasht\u00eb saj duke u rrokullisur disa metra. P\u00ebr pak momente automjeti nuk ka p\u00ebrfunduar n\u00eb rrjedh\u00ebn e lumit Shkumbin, pasi ka ngecuar midis akacieve, por m\u00eb pas ka r\u00ebn\u00eb n\u00eb uj\u00eb. Si [&hellip;]<\/p>\n","protected":false},"author":2013,"featured_media":121548,"comment_status":"open","ping_status":"closed","sticky":false,"template":"","format":"standard","meta":{"footnotes":""},"categories":[241,235],"tags":[],"class_list":{"0":"post-121546","1":"post","2":"type-post","3":"status-publish","4":"format-standard","5":"has-post-thumbnail","7":"category-aktualitet","8":"category-vendi"},"_links":{"self":[{"href":"https:\/\/zjarr.tv\/en\/wp-json\/wp\/v2\/posts\/121546","targetHints":{"allow":["GET"]}}],"collection":[{"href":"https:\/\/zjarr.tv\/en\/wp-json\/wp\/v2\/posts"}],"about":[{"href":"https:\/\/zjarr.tv\/en\/wp-json\/wp\/v2\/types\/post"}],"author":[{"embeddable":true,"href":"https:\/\/zjarr.tv\/en\/wp-json\/wp\/v2\/users\/2013"}],"replies":[{"embeddable":true,"href":"https:\/\/zjarr.tv\/en\/wp-json\/wp\/v2\/comments?post=121546"}],"version-history":[{"count":0,"href":"https:\/\/zjarr.tv\/en\/wp-json\/wp\/v2\/posts\/121546\/revisions"}],"wp:featuredmedia":[{"embeddable":true,"href":"https:\/\/zjarr.tv\/en\/wp-json\/wp\/v2\/media\/121548"}],"wp:attachment":[{"href":"https:\/\/zjarr.tv\/en\/wp-json\/wp\/v2\/media?parent=121546"}],"wp:term":[{"taxonomy":"category","embeddable":true,"href":"https:\/\/zjarr.tv\/en\/wp-json\/wp\/v2\/categories?post=121546"},{"taxonomy":"post_tag","embeddable":true,"href":"https:\/\/zjarr.tv\/en\/wp-json\/wp\/v2\/tags?post=121546"}],"curies":[{"name":"wp","href":"https:\/\/api.w.org\/{rel}","templated":true}]}}