{"id":121556,"date":"2020-02-08T11:42:44","date_gmt":"2020-02-08T10:42:44","guid":{"rendered":"https:\/\/zjarr.tv\/?p=121556"},"modified":"2020-02-08T11:42:44","modified_gmt":"2020-02-08T10:42:44","slug":"900-ankesa-ne-ild-metani-vullnet-per-tu-perballur-me-shkeljet-e-gjyqtareve-e-prokuroreve","status":"publish","type":"post","link":"https:\/\/zjarr.tv\/en\/900-ankesa-ne-ild-metani-vullnet-per-tu-perballur-me-shkeljet-e-gjyqtareve-e-prokuroreve\/","title":{"rendered":"\u201c900 ankesa n\u00eb ILD\u201d, Metani: Vullnet p\u00ebr t\u2019u p\u00ebrballur me shkeljet e gjyqtar\u00ebve e prokuror\u00ebve"},"content":{"rendered":"<p>Inspektori i Lart\u00eb i Drejt\u00ebsis\u00eb, Artur Metani paraqiti sot misionin e k\u00ebtij institucioni t\u00eb ri kushtetues dhe b\u00ebr transparenc\u00eb mbi veprimet e para t\u00eb marra pas nisjes s\u00eb detyr\u00ebs n\u00eb krye t\u00eb ILD. Ai tha se ky institucion \u00ebsht\u00eb totalisht i pavarur nga pushteti ekzekutiv, KLP dhe KLGJ dhe kjo i jep nj\u00eb dimension tjet\u00ebr profilit t\u00eb inspektimit.<\/p>\n<p>ILDka p\u00ebr objekt t\u00eb veprimtaris\u00eb s\u00eb tij verifikimin e ankesave, hetimin e shkeljeve disiplinore dhe fillimin e procedimit disiplinor ndaj gjyqtar\u00ebve dhe prokuror\u00ebve t\u00eb t\u00eb gjitha niveleve, an\u00ebtar\u00ebve t\u00eb K\u00ebshillit t\u00eb Lart\u00eb Gjyq\u00ebsor, an\u00ebtar\u00ebve t\u00eb K\u00ebshillit t\u00eb Lart\u00eb t\u00eb Prokuroris\u00eb dhe t\u00eb Prokurorit t\u00eb P\u00ebrgjithsh\u00ebm.<\/p>\n<p>\u201cNuk ka pasur nga e kaluara as personel, asgj\u00eb, ndaj ky institucion po fillon t\u00eb ngrihet nga e para. Inspektori i Lart\u00eb i Drejt\u00ebsis\u00eb \u00ebsht\u00eb i nd\u00ebrgjegjsh\u00ebm p\u00ebr volumin dhe problematik\u00ebn e lart\u00eb t\u00eb pun\u00ebs, po aq sa edhe pritshm\u00ebrit\u00eb p\u00ebr t\u00eb k\u00ebt\u00eb institucion. Dua t\u00eb siguroj opinionin publik se ILD ka gjith\u00eb vullnetin t\u00eb p\u00ebrballet me t\u00eb gjitha shkeljet q\u00eb diskreditojn\u00eb r\u00ebnd\u00eb figur\u00ebn e gjyqtarit dhe prokurorit q\u00eb cenojn\u00eb dh\u00ebnien e drejt\u00ebsis\u00eb dhe ushtrimin e funksionit n\u00eb p\u00ebrputhje me ligjin.<br \/>\nJam i nd\u00ebrgjegjsh\u00ebm se p\u00ebr shkak t\u00eb munges\u00ebs s\u00eb inspektimit p\u00ebr nj\u00eb koh\u00eb t\u00eb gjat\u00eb mua dhe ILD-s\u00eb na pret nj\u00eb volum dhe nj\u00eb problematik\u00eb e lart\u00eb pune ashtu si\u00e7 jan\u00eb dhe pritshm\u00ebrit\u00eb. Konkretisht ILD-s\u00eb do i kaloj\u00eb nj\u00eb volum i madh ankesash, rreth 900, t\u00eb cilat jan\u00eb dor\u00ebzuar gjat\u00eb periudh\u00ebs tranzitore, 2017-2020 pran\u00eb KLGJ ose Prokuroris\u00eb s\u00eb P\u00ebrgjithshme. Gjithashtu ILD nga data 1 shkurt 2020, dat\u00eb e cila konsiderohet fillimi i veprimtaris\u00eb s\u00eb k\u00ebtij institucioni, kan\u00eb filluar t\u00eb vijn\u00eb ankesat e para nga persona juridik\u00eb apo fizik\u00eb. Evidentimi i k\u00ebtyre ankesave k\u00ebrkon nj\u00eb analiz\u00eb t\u00eb plot\u00eb, me q\u00ebllim shqyrtimin paraprak p\u00ebr sa i p\u00ebrket kritereve t\u00eb pranueshm\u00ebris\u00eb si dhe kryerjen e veprimeve shtes\u00eb n\u00ebse \u00ebsht\u00eb e nevojshme apo fillimin disiplinor\u201d, deklaroi kreu i ILD.<\/p>\n<p>Ai foli p\u00ebr tej edhe p\u00eb ankesat nga Ministria e Drejt\u00ebsis\u00eb, KLGJ dhe KLP p\u00ebr \u00e7\u00ebshtjen e lirimeve me kusht parakohe dhe tha se do jen\u00eb objekt i inspektimit. Metani foli p\u00ebr nj\u00eb plan masash afatshkurt\u00ebr p\u00ebr problematikat e konstatuara n\u00eb raport me p\u00ebrmbushjen e detyrave profesionale t\u00eb zyr\u00ebs s\u00eb ILD dhe identifikimin e \u00e7\u00ebshtjeve p\u00ebr t\u00eb cilat k\u00ebrkohet nj\u00eb inspektim tematik apo institucional. \u201cN\u00eb t\u00eb nj\u00ebjt\u00ebn koh\u00eb ILD krahas veprimeve t\u00eb m\u00ebsip\u00ebrme, n\u00eb ushtrim t\u00eb funksioneve t\u00eb tij kushtetuese por dhe duke mbajtur n\u00eb konsiderat\u00eb debatin dhe shqet\u00ebsimin publik lidhur me nj\u00eb seri \u00e7\u00ebshtjesh por ve\u00e7an\u00ebrisht lidhur me vendimmarrjet lidhur me lirimin parakohe me kusht do t\u2019i jap\u00eb prioritet inspektimit n\u00eb k\u00ebt\u00eb drejtim\u201d, deklaroi ai<\/p>\n<p>\u201cT\u00eb shmangemi nga emrat. R\u00ebnd\u00ebsi p\u00ebr mua ka fenomeni. Mund t\u00eb ket\u00eb dhe emra q\u00eb nuk jan\u00eb publik. M\u00eb shqet\u00ebson fakti q\u00eb ka disa gjykata q\u00eb ka ndodhur ky fenomen dhe do t\u00eb b\u00ebhet inspektimi se ku po ndodh ai. M\u00eb pas do b\u00ebj\u00eb publike rastet kur do nd\u00ebrhyhet dhe si do ndryhet.\u201d, tha ai.<\/p>\n<p>Po ashtu Lala nuk ngurroi q\u00eb t\u00eb pyeste Metanin n\u00ebse e pengonte fakti q\u00eb ai \u00ebsht\u00eb v\u00ebllai i nj\u00eb ish-ministreje (Eglantina Gjermeni), nd\u00ebrsa ai tha: \u201cUn\u00eb vler\u00ebsoj q\u00eb koha \u00ebsht\u00eb treguesi m\u00eb i mir\u00eb p\u00ebr gjith\u00e7ka e gjyqtari m\u00eb i mir\u00eb p\u00ebr t\u00eb gjith\u00eb ne\u201d.<\/p>\n<p>Kreu i ILD-s\u00eb u ngacmua dhe me nj\u00eb tjet\u00ebr pyetje p\u00ebr faktin se sa e \u2018zez\u00eb\u2019 \u00ebsht\u00eb drejt\u00ebsia n\u00eb vend.<br \/>\n\u201cN\u00eb k\u00ebt\u00eb num\u00ebr ankesat duhet t\u00eb evidentohet, se sa jan\u00eb numri i ankesave p\u00ebr prokuror\u00eb dhe gjyqtar\u00eb. Sa jan\u00eb brenda afateve dhe jo. N\u00ebse drejt\u00ebsia \u00ebsht\u00eb e \u2018zez\u00eb\u2019 apo e \u2018bardh\u00eb\u2019 \u00ebsht\u00eb n\u00eb kuptimin politik t\u00eb fjal\u00ebs. Un\u00eb s\u2019kam detyr\u00eb q\u00eb t\u00eb b\u00ebj\u00eb vler\u00ebsime, por t\u00eb monitoroj \u00e7do vendim gjykate dhe prokurorie, q\u00eb t\u00eb ushtroj detyr\u00ebn time q\u00eb m\u00eb ka ngarkuar Kuvendi. Detyrat e mia jan\u00eb t\u00eb respektuara n\u00eb Kushtetut\u00eb dhe n\u00eb ligj. Vler\u00ebsimet personale jan\u00eb gjera q\u00eb si takojn\u00eb k\u00ebtij institucioni. Un\u00eb do veproj t\u00eb zbatoj detyr\u00ebn, dhe k\u00ebt\u00eb do ta b\u00ebj q\u00eb sot. Prioritet p\u00ebr mua \u00ebsht\u00eb fenomeni i lirimit para kohe nga burgu\u201d, tha ai.<\/p>\n<p>Metani tha m\u00eb tej se \u00ebsht\u00eb marr\u00eb me procedurat p\u00ebr ngritjen e institucionit dhe nj\u00eb strukture provizore dhe iu b\u00ebri thirrje jurist\u00ebve magjistrat\u00eb ose jo t\u00eb aplikojn\u00eb p\u00ebr vendet vakante. \u201c27 vende vakante, 6 inspektor\u00eb jo magjistrat\u00eb dhe 5 ndihm\u00ebs inspektor\u00eb. I b\u00ebj thirrje gjith\u00eb jurist\u00ebve q\u00eb kan\u00eb d\u00ebshir\u00eb t\u00eb kontribuojn\u00eb p\u00ebr inst e reja t\u00eb drejt\u00ebsis\u00eb t\u00eb aplikojn\u00eb. Do vler\u00ebsohen me objektivitetin maksimal\u201d, deklaroi ai.<\/p>","protected":false},"excerpt":{"rendered":"<p>Inspektori i Lart\u00eb i Drejt\u00ebsis\u00eb, Artur Metani paraqiti sot misionin e k\u00ebtij institucioni t\u00eb ri kushtetues dhe b\u00ebr transparenc\u00eb mbi veprimet e para t\u00eb marra pas nisjes s\u00eb detyr\u00ebs n\u00eb krye t\u00eb ILD. Ai tha se ky institucion \u00ebsht\u00eb totalisht i pavarur nga pushteti ekzekutiv, KLP dhe KLGJ dhe kjo i jep nj\u00eb dimension tjet\u00ebr [&hellip;]<\/p>\n","protected":false},"author":2013,"featured_media":121557,"comment_status":"open","ping_status":"closed","sticky":false,"template":"","format":"standard","meta":{"footnotes":""},"categories":[241,235],"tags":[],"class_list":{"0":"post-121556","1":"post","2":"type-post","3":"status-publish","4":"format-standard","5":"has-post-thumbnail","7":"category-aktualitet","8":"category-vendi"},"_links":{"self":[{"href":"https:\/\/zjarr.tv\/en\/wp-json\/wp\/v2\/posts\/121556","targetHints":{"allow":["GET"]}}],"collection":[{"href":"https:\/\/zjarr.tv\/en\/wp-json\/wp\/v2\/posts"}],"about":[{"href":"https:\/\/zjarr.tv\/en\/wp-json\/wp\/v2\/types\/post"}],"author":[{"embeddable":true,"href":"https:\/\/zjarr.tv\/en\/wp-json\/wp\/v2\/users\/2013"}],"replies":[{"embeddable":true,"href":"https:\/\/zjarr.tv\/en\/wp-json\/wp\/v2\/comments?post=121556"}],"version-history":[{"count":0,"href":"https:\/\/zjarr.tv\/en\/wp-json\/wp\/v2\/posts\/121556\/revisions"}],"wp:featuredmedia":[{"embeddable":true,"href":"https:\/\/zjarr.tv\/en\/wp-json\/wp\/v2\/media\/121557"}],"wp:attachment":[{"href":"https:\/\/zjarr.tv\/en\/wp-json\/wp\/v2\/media?parent=121556"}],"wp:term":[{"taxonomy":"category","embeddable":true,"href":"https:\/\/zjarr.tv\/en\/wp-json\/wp\/v2\/categories?post=121556"},{"taxonomy":"post_tag","embeddable":true,"href":"https:\/\/zjarr.tv\/en\/wp-json\/wp\/v2\/tags?post=121556"}],"curies":[{"name":"wp","href":"https:\/\/api.w.org\/{rel}","templated":true}]}}