{"id":121562,"date":"2020-02-08T11:46:19","date_gmt":"2020-02-08T10:46:19","guid":{"rendered":"https:\/\/zjarr.tv\/?p=121562"},"modified":"2020-02-08T11:46:19","modified_gmt":"2020-02-08T10:46:19","slug":"kush-jane-3-personat-e-shpallur-prej-vitesh-ne-kerkim","status":"publish","type":"post","link":"https:\/\/zjarr.tv\/en\/kush-jane-3-personat-e-shpallur-prej-vitesh-ne-kerkim\/","title":{"rendered":"kush jan\u00eb 3 personat e shpallur prej vitesh n\u00eb k\u00ebrkim"},"content":{"rendered":"<p>Policia e Shtetit ka publikuar sot emrat e 3 personazheve q\u00eb me krimet e tyre kan\u00eb tronditur opinionin publik, nd\u00ebrsa prej vitesh jan\u00eb v\u00ebn\u00eb n\u00eb k\u00ebrkim. B\u00ebhet fjal\u00eb p\u00ebr Sokrat Rud\u00ebn, Jani Alian dhe Artur Kuli\u00e7in, t\u00eb tre t\u00eb d\u00ebnuar me burgim t\u00eb p\u00ebrjetsh\u00ebm p\u00ebr vepr\u00ebn penale \u2018Vrasje\u2019.<\/p>\n<div class=\"galery-slider\">\n<ul class=\"slides\">\n<li class=\"flex-slider-item flex-active-slide\" data-thumb-alt=\"\"><a href=\"https:\/\/www.balkanweb.com\/wp-content\/uploads\/2020\/02\/Sokrat-Ruda.jpeg\" rel=\"lightbox\"><img decoding=\"async\" draggable=\"false\" src=\"https:\/\/www.balkanweb.com\/wp-content\/uploads\/2020\/02\/Sokrat-Ruda.jpeg\" alt=\"foto galeri \" \/><\/a><\/li>\n<li class=\"flex-slider-item\" data-thumb-alt=\"\"><a href=\"https:\/\/www.balkanweb.com\/wp-content\/uploads\/2020\/02\/Jani-Alia.jpeg\" rel=\"lightbox\"><img decoding=\"async\" draggable=\"false\" src=\"https:\/\/www.balkanweb.com\/wp-content\/uploads\/2020\/02\/Jani-Alia.jpeg\" alt=\"foto galeri \" \/><\/a><\/li>\n<li class=\"flex-slider-item\" data-thumb-alt=\"\"><a href=\"https:\/\/www.balkanweb.com\/wp-content\/uploads\/2020\/02\/Artur-Kulici.jpeg\" rel=\"lightbox\"><img decoding=\"async\" draggable=\"false\" src=\"https:\/\/www.balkanweb.com\/wp-content\/uploads\/2020\/02\/Artur-Kulici.jpeg\" alt=\"foto galeri \" \/><\/a><\/li>\n<\/ul>\n<\/div>\n<p>Policia b\u00ebn me dije se Sokrat Ruda akuzohet se n\u00eb dat\u00ebn 8 qershor 1995, n\u00eb lagjen \u201cIsa Boletini\u201d, Vlor\u00eb, ka vrar\u00eb me arm\u00eb zjarri p\u00ebr motive t\u00eb dob\u00ebta xhelozie shtetasin me inicialet Z.D. Ai u d\u00ebnua me<br \/>\nburgim t\u00eb p\u00ebrjetsh\u00ebm nga Gjykata e Rrethit Gjyq\u00ebsor Vlor\u00eb, p\u00ebr veprat penale \u201cVrasja me paramendim\u201d dhe \u201cArm\u00ebmbajtja pa leje\u201d. Nd\u00ebrkoh\u00eb, personi tjet\u00ebr i shpallur n\u00eb k\u00ebrkim, Jani Alia, m\u00eb 1 maj t\u00eb 2016-\u00ebs, n\u00eb nj\u00eb lokal n\u00eb Tiran\u00eb, ka vrar\u00eb me arm\u00eb zjarri shtetasin me inicialet E. \u00c7. Alia u d\u00ebnua me burgim t\u00eb p\u00ebrjetsh\u00ebm nga Gjykata e Shkall\u00ebs s\u00eb Par\u00eb Tiran\u00eb, p\u00ebr vepr\u00ebn penale \u201cVrasja me paramendim\u201d. I listuari tjet\u00ebr nga policia, Artur Kuli\u00e7i akuzohet se n\u00eb dat\u00ebn 6 mars 2013, n\u00eb nj\u00eb lokal nate n\u00eb Tiran\u00eb, pas nj\u00eb konflikti me disa persona t\u00eb tjer\u00eb, ka q\u00eblluar me arm\u00eb zjarri duke rrezikuar jet\u00ebn e disa personave dhe si pasoj\u00eb ka mbetur e vrar\u00eb me arm\u00eb zjarri shtetasja me inicialet S. T.<\/p>\n<p>Artur Kuli\u00e7i \u00ebsht\u00eb d\u00ebnuar me burgim t\u00eb p\u00ebrjetsh\u00ebm nga Gjykat\u00ebs e Rrethit Gjyq\u00ebsor Tiran\u00eb, p\u00ebr veprat penale \u201cVrasja n\u00eb rrethana t\u00eb tjera cil\u00ebsuese\u201d dhe \u201cArm\u00ebmbajtja pa leje\u201d.<\/p>","protected":false},"excerpt":{"rendered":"<p>Policia e Shtetit ka publikuar sot emrat e 3 personazheve q\u00eb me krimet e tyre kan\u00eb tronditur opinionin publik, nd\u00ebrsa prej vitesh jan\u00eb v\u00ebn\u00eb n\u00eb k\u00ebrkim. B\u00ebhet fjal\u00eb p\u00ebr Sokrat Rud\u00ebn, Jani Alian dhe Artur Kuli\u00e7in, t\u00eb tre t\u00eb d\u00ebnuar me burgim t\u00eb p\u00ebrjetsh\u00ebm p\u00ebr vepr\u00ebn penale \u2018Vrasje\u2019. Policia b\u00ebn me dije se Sokrat Ruda [&hellip;]<\/p>\n","protected":false},"author":2013,"featured_media":121563,"comment_status":"open","ping_status":"closed","sticky":false,"template":"","format":"standard","meta":{"footnotes":""},"categories":[241,235],"tags":[],"class_list":{"0":"post-121562","1":"post","2":"type-post","3":"status-publish","4":"format-standard","5":"has-post-thumbnail","7":"category-aktualitet","8":"category-vendi"},"_links":{"self":[{"href":"https:\/\/zjarr.tv\/en\/wp-json\/wp\/v2\/posts\/121562","targetHints":{"allow":["GET"]}}],"collection":[{"href":"https:\/\/zjarr.tv\/en\/wp-json\/wp\/v2\/posts"}],"about":[{"href":"https:\/\/zjarr.tv\/en\/wp-json\/wp\/v2\/types\/post"}],"author":[{"embeddable":true,"href":"https:\/\/zjarr.tv\/en\/wp-json\/wp\/v2\/users\/2013"}],"replies":[{"embeddable":true,"href":"https:\/\/zjarr.tv\/en\/wp-json\/wp\/v2\/comments?post=121562"}],"version-history":[{"count":0,"href":"https:\/\/zjarr.tv\/en\/wp-json\/wp\/v2\/posts\/121562\/revisions"}],"wp:featuredmedia":[{"embeddable":true,"href":"https:\/\/zjarr.tv\/en\/wp-json\/wp\/v2\/media\/121563"}],"wp:attachment":[{"href":"https:\/\/zjarr.tv\/en\/wp-json\/wp\/v2\/media?parent=121562"}],"wp:term":[{"taxonomy":"category","embeddable":true,"href":"https:\/\/zjarr.tv\/en\/wp-json\/wp\/v2\/categories?post=121562"},{"taxonomy":"post_tag","embeddable":true,"href":"https:\/\/zjarr.tv\/en\/wp-json\/wp\/v2\/tags?post=121562"}],"curies":[{"name":"wp","href":"https:\/\/api.w.org\/{rel}","templated":true}]}}