{"id":121567,"date":"2020-02-08T14:13:07","date_gmt":"2020-02-08T13:13:07","guid":{"rendered":"https:\/\/zjarr.tv\/?p=121567"},"modified":"2020-02-08T14:13:07","modified_gmt":"2020-02-08T13:13:07","slug":"bardhi-kriza-zgjidhet-me-zgjedhje-te-parakohshme","status":"publish","type":"post","link":"https:\/\/zjarr.tv\/en\/bardhi-kriza-zgjidhet-me-zgjedhje-te-parakohshme\/","title":{"rendered":"Bardhi: Kriza zgjidhet me zgjedhje t\u00eb parakohshme"},"content":{"rendered":"<div class=\"readmore-text-here\">\n<p>Sekretari i P\u00ebrgjithsh\u00ebm i Partis\u00eb Demokratike, Gazment Bardhi reagoi pas nj\u00eb deklarate t\u00eb K\u00ebshillit t\u00eb Europ\u00ebs, t\u00eb cil\u00ebt \u2018rr\u00ebzuan\u2019 procesin e 30 qershorit.\u00a0 Bardhi tha se thelbi i kriz\u00ebs n\u00eb Shqip\u00ebri q\u00ebndron te mungesa e zgjedhjeve t\u00eb lira dhe t\u00eb ndershme.\u00a0Sipas zyrtarit t\u00eb lart\u00eb demokrat, kjo kriz\u00eb zgjidhet me zgjedhje t\u00eb parakohshme lokale dhe t\u00eb p\u00ebrgjithshme.<\/p>\n<p><strong>DEKLARATA<\/strong><\/p>\n<p>&#8220;Q\u00eb prej zgjedhjeve t\u00eb manipulura t\u00eb vitit 2017, shqiptar\u00ebt nuk kan\u00eb nj\u00eb qeveri legjitime, q\u00eb p\u00ebrfaq\u00ebson interesin e tyre, nuk kan\u00eb nj\u00eb qeveri q\u00eb punon p\u00ebr hapjen e vendeve t\u00eb reja t\u00eb pun\u00ebs apo q\u00eb lufton korrupsionin dhe krimin e organizuar.<\/p>\n<p>Q\u00eb prej 30 Qershorit, shqiptar\u00ebt nuk kan\u00eb as pushtetin lokal q\u00eb t\u00eb punoj\u00eb p\u00ebr interesin e tyre. Me votime t\u00eb nj\u00ebanshme, t\u00eb manipuluara, pa gar\u00eb, Edi Rama em\u00ebroi n\u00eb krye t\u00eb bashkive sh\u00ebrb\u00ebtor\u00ebt e tij. Disa prej tyre p\u00ebrfaq\u00ebsojn\u00eb llumin e shoq\u00ebris\u00eb, jan\u00eb trafikant\u00eb droge, fallsifikator\u00eb apo hajdut\u00eb, t\u00eb cil\u00ebt duhet t\u00eb ishin sot prapa hekurave, sepse kan\u00eb shkelur ligjin duke fshehur t\u00eb kaluar\u00ebn e tyre kriminale.<\/p>\n<p>Pas shqiptar\u00ebve, q\u00eb braktis\u00ebn votimet moniste dhe t\u00eb paligjshme t\u00eb 30 qershorit, jan\u00eb organizatat nd\u00ebrkomb\u00ebtare ato q\u00eb kan\u00eb dal\u00eb n\u00eb t\u00eb nj\u00ebjtin p\u00ebrfundim me opozit\u00ebn se votimet moniste nuk i sh\u00ebrbyen demokracis\u00eb n\u00eb Shqip\u00ebri dhe se vet\u00ebm zgjedhjet e parakohshme, t\u00eb lira dhe t\u00eb ndershme mund t\u00eb zgjidhin kriz\u00ebn politike.<\/p>\n<p>N\u00eb em\u00ebr t\u00eb Partis\u00eb Demokratike, p\u00ebrsh\u00ebndes qendrimin e K\u00ebshillit t\u00eb Europ\u00ebs n\u00eb mbrojtje t\u00eb liris\u00eb s\u00eb vot\u00ebs, si nj\u00eb nga vlerat themelore demokratike, mbi t\u00eb cilat funksionojn\u00eb shoq\u00ebrit\u00eb europiane.<\/p>\n<p>K\u00ebshilli i Europ\u00ebs, pas misionit t\u00eb fundit faktmbledh\u00ebs ka vler\u00ebsuar se \u201cP\u00ebr fat t\u00eb keq, votimet e 30 qershorit nuk ishin t\u00eb favorshme p\u00ebr forcimin e demokracis\u00eb lokale n\u00eb Shqip\u00ebri. Ato kan\u00eb \u00e7uar n\u00eb m\u00eb pak pluraliz\u00ebm n\u00eb bashki dhe n\u00eb nj\u00eb erozion t\u00eb m\u00ebtejsh\u00ebm t\u00eb besimit t\u00eb qytetar\u00ebve n\u00eb institucionet e k\u00ebtij vendi\u201d.<\/p>\n<p>Mungesa e zgjedhjeve t\u00eb lira e t\u00eb ndershme qendron n\u00eb themel t\u00eb kriz\u00ebs politike n\u00eb Shqip\u00ebri.\u00a0 Partia Demokratike shpreh bindjen e pal\u00ebkundur se kjo kriz\u00eb mund t\u00eb zgjidhet vet\u00ebm me zgjedhje t\u00eb parakohshme parlamentare dhe me zgjedhje kushtetuese lokale.<\/p>\n<p>Qytetar\u00ebt shqiptar\u00eb, nj\u00ebsoj si qytetar\u00ebt e Bashkimit Europian meritojn\u00eb t\u00eb ken\u00eb nj\u00eb qeveri qendrore dhe nj\u00eb pushtet lokal t\u00eb zgjedhur me vot\u00eb t\u00eb lir\u00eb, t\u00eb pandikuar nga krimi, t\u00eb pabler\u00eb nga parat\u00eb e pista t\u00eb drog\u00ebs dhe korrupsionit.<\/p>\n<p>Edi Rama nuk mund t\u00eb sillet si struci dhe t\u00eb b\u00ebj\u00eb sikur kriza n\u00eb Shqip\u00ebri nuk ekziston.<\/p>\n<p>N\u00eb vend q\u00eb t\u00eb harxhoj\u00eb koh\u00eb, duke b\u00ebr\u00eb sikur po zgjidh kriz\u00ebn e Ukrain\u00ebs dhe se ka n\u00eb dor\u00eb fatin e Europ\u00ebs, Edi Rama \u00ebsht\u00eb p\u00ebrgjegj\u00ebs t\u00eb zgjidh\u00eb kriz\u00ebn e r\u00ebnd\u00eb politike n\u00eb vendin e tij, t\u00eb shkaktuar prej vjedhjes q\u00eb ai i b\u00ebri zgjedhjeve bashk\u00eb me bandat m\u00eb t\u00eb rrezikshme.<\/p>\n<p>Duke zvarritur zgjidhjen e kriz\u00ebs politike, Edi Rama vet\u00ebm sa zgjat agonin\u00eb e tij, pasi fundi politik i kryeministrit t\u00eb votave t\u00eb vjedhura \u00ebsht\u00eb i parath\u00ebn\u00eb n\u00eb \u00e7do sondazh.<\/p>\n<p>Shumica e shqiptar\u00ebve duan ndryshimin!&#8221;<\/p>\n<\/div>\n<div id=\"rekl-33\"><\/div>","protected":false},"excerpt":{"rendered":"<p>Sekretari i P\u00ebrgjithsh\u00ebm i Partis\u00eb Demokratike, Gazment Bardhi reagoi pas nj\u00eb deklarate t\u00eb K\u00ebshillit t\u00eb Europ\u00ebs, t\u00eb cil\u00ebt \u2018rr\u00ebzuan\u2019 procesin e 30 qershorit.\u00a0 Bardhi tha se thelbi i kriz\u00ebs n\u00eb Shqip\u00ebri q\u00ebndron te mungesa e zgjedhjeve t\u00eb lira dhe t\u00eb ndershme.\u00a0Sipas zyrtarit t\u00eb lart\u00eb demokrat, kjo kriz\u00eb zgjidhet me zgjedhje t\u00eb parakohshme lokale dhe t\u00eb [&hellip;]<\/p>\n","protected":false},"author":2013,"featured_media":88543,"comment_status":"open","ping_status":"closed","sticky":false,"template":"","format":"standard","meta":{"footnotes":""},"categories":[241,235],"tags":[],"class_list":{"0":"post-121567","1":"post","2":"type-post","3":"status-publish","4":"format-standard","5":"has-post-thumbnail","7":"category-aktualitet","8":"category-vendi"},"_links":{"self":[{"href":"https:\/\/zjarr.tv\/en\/wp-json\/wp\/v2\/posts\/121567","targetHints":{"allow":["GET"]}}],"collection":[{"href":"https:\/\/zjarr.tv\/en\/wp-json\/wp\/v2\/posts"}],"about":[{"href":"https:\/\/zjarr.tv\/en\/wp-json\/wp\/v2\/types\/post"}],"author":[{"embeddable":true,"href":"https:\/\/zjarr.tv\/en\/wp-json\/wp\/v2\/users\/2013"}],"replies":[{"embeddable":true,"href":"https:\/\/zjarr.tv\/en\/wp-json\/wp\/v2\/comments?post=121567"}],"version-history":[{"count":0,"href":"https:\/\/zjarr.tv\/en\/wp-json\/wp\/v2\/posts\/121567\/revisions"}],"wp:featuredmedia":[{"embeddable":true,"href":"https:\/\/zjarr.tv\/en\/wp-json\/wp\/v2\/media\/88543"}],"wp:attachment":[{"href":"https:\/\/zjarr.tv\/en\/wp-json\/wp\/v2\/media?parent=121567"}],"wp:term":[{"taxonomy":"category","embeddable":true,"href":"https:\/\/zjarr.tv\/en\/wp-json\/wp\/v2\/categories?post=121567"},{"taxonomy":"post_tag","embeddable":true,"href":"https:\/\/zjarr.tv\/en\/wp-json\/wp\/v2\/tags?post=121567"}],"curies":[{"name":"wp","href":"https:\/\/api.w.org\/{rel}","templated":true}]}}