{"id":121569,"date":"2020-02-08T14:14:59","date_gmt":"2020-02-08T13:14:59","guid":{"rendered":"https:\/\/zjarr.tv\/?p=121569"},"modified":"2020-02-08T14:14:59","modified_gmt":"2020-02-08T13:14:59","slug":"zbulohen-13-refugjate-siriane-ne-autobusin-tirane-kukes","status":"publish","type":"post","link":"https:\/\/zjarr.tv\/en\/zbulohen-13-refugjate-siriane-ne-autobusin-tirane-kukes\/","title":{"rendered":"Zbulohen 13 refugjat\u00eb sirian\u00eb n\u00eb autobusin Tiran\u00eb &#8211; Kuk\u00ebs"},"content":{"rendered":"<p>13 refugjat\u00eb sirian\u00eb dhe maroken\u00eb nuk kan\u00eb pasur fat sot t\u00eb kalojn\u00eb n\u00ebp\u00ebr Shqip\u00ebri, n\u00eb rrug\u00ebn e tyre drejt vendeve t\u00eb BE-s\u00eb. Ata jan\u00eb zbuluar si pasagjer\u00eb n\u00eb autobusin e linj\u00ebs Tiran\u00eb \u2013 Kuk\u00ebs nga Policia e Lezh\u00ebs. \u00a0Sipas njoftimit, gishti i akuz\u00ebs u drejtua mbi shoferin dhe faturinon e autobuzit, t\u00eb cil\u00ebt u proceduan penalisht: Shoferi B.E. 58 vje\u00e7, banues n\u00eb Tiran\u00eb dhe faturinoja B.B, 34 vje\u00e7, banues n\u00eb Kuk\u00ebs. T\u00eb dya ata, n\u00eb aksin rrugor Mamurras-Lezh\u00eb, n\u00eb vendin e quajtur Mbikalimi i La\u00e7it, jan\u00eb kapur nga sh\u00ebrbimet e Policis\u00eb Rrugore me autobusin e linj\u00ebs Tiran\u00eb-Kuk\u00ebs, duke transportuar 13 shtetas t\u00eb huaj sirian\u00eb dhe maroken\u00eb, q\u00eb kishin hyr\u00eb n\u00eb Shqip\u00ebri n\u00eb m\u00ebnyr\u00eb t\u00eb paligjshme.<\/p>\n<p>Dosja e tyre i kaloi Prokuroris\u00eb pran\u00eb Gjykat\u00ebs s\u00eb Shkall\u00ebs s\u00eb Par\u00eb Lezh\u00eb, p\u00ebr veprime t\u00eb m\u00ebtejshme hetimore, p\u00ebr vepr\u00ebn penale \u201cNdihma p\u00ebr kalim t\u00eb paligjsh\u00ebm t\u00eb kufirit\u201d.<\/p>","protected":false},"excerpt":{"rendered":"<p>13 refugjat\u00eb sirian\u00eb dhe maroken\u00eb nuk kan\u00eb pasur fat sot t\u00eb kalojn\u00eb n\u00ebp\u00ebr Shqip\u00ebri, n\u00eb rrug\u00ebn e tyre drejt vendeve t\u00eb BE-s\u00eb. Ata jan\u00eb zbuluar si pasagjer\u00eb n\u00eb autobusin e linj\u00ebs Tiran\u00eb \u2013 Kuk\u00ebs nga Policia e Lezh\u00ebs. \u00a0Sipas njoftimit, gishti i akuz\u00ebs u drejtua mbi shoferin dhe faturinon e autobuzit, t\u00eb cil\u00ebt u proceduan [&hellip;]<\/p>\n","protected":false},"author":2013,"featured_media":121570,"comment_status":"open","ping_status":"closed","sticky":false,"template":"","format":"standard","meta":{"footnotes":""},"categories":[241,235],"tags":[],"class_list":{"0":"post-121569","1":"post","2":"type-post","3":"status-publish","4":"format-standard","5":"has-post-thumbnail","7":"category-aktualitet","8":"category-vendi"},"_links":{"self":[{"href":"https:\/\/zjarr.tv\/en\/wp-json\/wp\/v2\/posts\/121569","targetHints":{"allow":["GET"]}}],"collection":[{"href":"https:\/\/zjarr.tv\/en\/wp-json\/wp\/v2\/posts"}],"about":[{"href":"https:\/\/zjarr.tv\/en\/wp-json\/wp\/v2\/types\/post"}],"author":[{"embeddable":true,"href":"https:\/\/zjarr.tv\/en\/wp-json\/wp\/v2\/users\/2013"}],"replies":[{"embeddable":true,"href":"https:\/\/zjarr.tv\/en\/wp-json\/wp\/v2\/comments?post=121569"}],"version-history":[{"count":0,"href":"https:\/\/zjarr.tv\/en\/wp-json\/wp\/v2\/posts\/121569\/revisions"}],"wp:featuredmedia":[{"embeddable":true,"href":"https:\/\/zjarr.tv\/en\/wp-json\/wp\/v2\/media\/121570"}],"wp:attachment":[{"href":"https:\/\/zjarr.tv\/en\/wp-json\/wp\/v2\/media?parent=121569"}],"wp:term":[{"taxonomy":"category","embeddable":true,"href":"https:\/\/zjarr.tv\/en\/wp-json\/wp\/v2\/categories?post=121569"},{"taxonomy":"post_tag","embeddable":true,"href":"https:\/\/zjarr.tv\/en\/wp-json\/wp\/v2\/tags?post=121569"}],"curies":[{"name":"wp","href":"https:\/\/api.w.org\/{rel}","templated":true}]}}