{"id":121590,"date":"2020-02-09T11:49:23","date_gmt":"2020-02-09T10:49:23","guid":{"rendered":"https:\/\/zjarr.tv\/?p=121590"},"modified":"2020-02-09T11:49:23","modified_gmt":"2020-02-09T10:49:23","slug":"rama-ne-abu-dhabi-per-rindertimin-dhe-konferencen-e-donatoreve","status":"publish","type":"post","link":"https:\/\/zjarr.tv\/en\/rama-ne-abu-dhabi-per-rindertimin-dhe-konferencen-e-donatoreve\/","title":{"rendered":"Rama n\u00eb Abu Dhabi p\u00ebr rind\u00ebrtimin dhe Konferenc\u00ebn e Donator\u00ebve"},"content":{"rendered":"<p>Kryeministri Edi Rama ndodhet sot n\u00eb nj\u00eb vizit\u00eb n\u00eb Abu Dhabi. M\u00ebsohet se kreu i qeveris\u00eb do zhvilloj\u00eb nj\u00eb takim me Princin e Kuror\u00ebs Sheikh Mohamed Bin Zayed Al Nahyan.<\/p>\n<p>Sipas informacioneve paraprake, \u00e7\u00ebshtjet q\u00eb do diskutoj\u00eb Rama jan\u00eb Rind\u00ebrtimi pas t\u00ebrmetit dhe Konferenca e Donator\u00ebve n\u00eb Bruksel. Termeti i 26 n\u00ebntorit shkaktoi shkaktoi 51 viktima dhe mbi 1000 t\u00eb plagosur. T\u00eb shumta qen\u00eb d\u00ebmet materiale nga t\u00ebrmeti shkat\u00ebrrimtar. N\u00eb raportin e fundit t\u00eb qeveris\u00eb d\u00ebmet llogariten n\u00eb 985 milion euro. N\u00eb pamund\u00ebsi ekonomike t\u00eb vendit ton\u00eb p\u00ebr t&#8217;i p\u00ebrballuar vet\u00eb d\u00ebmet e t\u00ebrmetit, m\u00eb 17 shkurt do zhvillohet Konfereca e Donator\u00ebve n\u00eb Bruksel ku pritet t\u00eb mblidhen fonde p\u00ebr rind\u00ebrtimin pas t\u00ebrmetit.<\/p>","protected":false},"excerpt":{"rendered":"<p>Kryeministri Edi Rama ndodhet sot n\u00eb nj\u00eb vizit\u00eb n\u00eb Abu Dhabi. M\u00ebsohet se kreu i qeveris\u00eb do zhvilloj\u00eb nj\u00eb takim me Princin e Kuror\u00ebs Sheikh Mohamed Bin Zayed Al Nahyan. Sipas informacioneve paraprake, \u00e7\u00ebshtjet q\u00eb do diskutoj\u00eb Rama jan\u00eb Rind\u00ebrtimi pas t\u00ebrmetit dhe Konferenca e Donator\u00ebve n\u00eb Bruksel. Termeti i 26 n\u00ebntorit shkaktoi shkaktoi 51 [&hellip;]<\/p>\n","protected":false},"author":2013,"featured_media":121592,"comment_status":"open","ping_status":"closed","sticky":false,"template":"","format":"standard","meta":{"footnotes":""},"categories":[241,235],"tags":[],"class_list":{"0":"post-121590","1":"post","2":"type-post","3":"status-publish","4":"format-standard","5":"has-post-thumbnail","7":"category-aktualitet","8":"category-vendi"},"_links":{"self":[{"href":"https:\/\/zjarr.tv\/en\/wp-json\/wp\/v2\/posts\/121590","targetHints":{"allow":["GET"]}}],"collection":[{"href":"https:\/\/zjarr.tv\/en\/wp-json\/wp\/v2\/posts"}],"about":[{"href":"https:\/\/zjarr.tv\/en\/wp-json\/wp\/v2\/types\/post"}],"author":[{"embeddable":true,"href":"https:\/\/zjarr.tv\/en\/wp-json\/wp\/v2\/users\/2013"}],"replies":[{"embeddable":true,"href":"https:\/\/zjarr.tv\/en\/wp-json\/wp\/v2\/comments?post=121590"}],"version-history":[{"count":0,"href":"https:\/\/zjarr.tv\/en\/wp-json\/wp\/v2\/posts\/121590\/revisions"}],"wp:featuredmedia":[{"embeddable":true,"href":"https:\/\/zjarr.tv\/en\/wp-json\/wp\/v2\/media\/121592"}],"wp:attachment":[{"href":"https:\/\/zjarr.tv\/en\/wp-json\/wp\/v2\/media?parent=121590"}],"wp:term":[{"taxonomy":"category","embeddable":true,"href":"https:\/\/zjarr.tv\/en\/wp-json\/wp\/v2\/categories?post=121590"},{"taxonomy":"post_tag","embeddable":true,"href":"https:\/\/zjarr.tv\/en\/wp-json\/wp\/v2\/tags?post=121590"}],"curies":[{"name":"wp","href":"https:\/\/api.w.org\/{rel}","templated":true}]}}