{"id":121596,"date":"2020-02-09T11:52:38","date_gmt":"2020-02-09T10:52:38","guid":{"rendered":"https:\/\/zjarr.tv\/?p=121596"},"modified":"2020-02-09T11:52:38","modified_gmt":"2020-02-09T10:52:38","slug":"aksident-ne-maliq-40-vjecarja-ne-gjendje-te-rende-shendetesore","status":"publish","type":"post","link":"https:\/\/zjarr.tv\/en\/aksident-ne-maliq-40-vjecarja-ne-gjendje-te-rende-shendetesore\/","title":{"rendered":"Aksident n\u00eb Maliq, 40 vje\u00e7arja n\u00eb gjendje t\u00eb r\u00ebnd\u00eb sh\u00ebndet\u00ebsore"},"content":{"rendered":"<p>Nj\u00eb aksident rrugor ka ndodhur m\u00ebngjesin e s\u00eb diel\u00ebs n\u00eb hyrje t\u00eb fshatit Zvezd\u00eb n\u00eb Maliq. M\u00ebsohet se shtetasi I.H banues n\u00eb Elbasan ka p\u00ebrplasur shtetasen R. Xh., rreth 40 vje\u00e7e, banuese n\u00eb Zvezd\u00eb, k\u00ebmb\u00ebsore n\u00eb rrug\u00eb.<\/p>\n<p>E aksidentuara u d\u00ebrgua p\u00ebr mjekim n\u00eb Spitalin e Kor\u00e7\u00ebs, ku ndodhet n\u00eb gjendje t\u00eb r\u00ebnd\u00eb sh\u00ebndet\u00ebsore. Drejtuesi i mjetit \u00ebsht\u00eb shoq\u00ebruar n\u00eb Komisariat p\u00ebr veprime t\u00eb m\u00ebtejshme. grupi hetimor po punon p\u00ebr zbardhjen dhe p\u00ebrcaktimin e shkaqeve t\u00eb aksidentit.<\/p>","protected":false},"excerpt":{"rendered":"<p>Nj\u00eb aksident rrugor ka ndodhur m\u00ebngjesin e s\u00eb diel\u00ebs n\u00eb hyrje t\u00eb fshatit Zvezd\u00eb n\u00eb Maliq. M\u00ebsohet se shtetasi I.H banues n\u00eb Elbasan ka p\u00ebrplasur shtetasen R. Xh., rreth 40 vje\u00e7e, banuese n\u00eb Zvezd\u00eb, k\u00ebmb\u00ebsore n\u00eb rrug\u00eb. E aksidentuara u d\u00ebrgua p\u00ebr mjekim n\u00eb Spitalin e Kor\u00e7\u00ebs, ku ndodhet n\u00eb gjendje t\u00eb r\u00ebnd\u00eb sh\u00ebndet\u00ebsore. Drejtuesi [&hellip;]<\/p>\n","protected":false},"author":2013,"featured_media":121599,"comment_status":"open","ping_status":"closed","sticky":false,"template":"","format":"standard","meta":{"footnotes":""},"categories":[241,235],"tags":[],"class_list":{"0":"post-121596","1":"post","2":"type-post","3":"status-publish","4":"format-standard","5":"has-post-thumbnail","7":"category-aktualitet","8":"category-vendi"},"_links":{"self":[{"href":"https:\/\/zjarr.tv\/en\/wp-json\/wp\/v2\/posts\/121596","targetHints":{"allow":["GET"]}}],"collection":[{"href":"https:\/\/zjarr.tv\/en\/wp-json\/wp\/v2\/posts"}],"about":[{"href":"https:\/\/zjarr.tv\/en\/wp-json\/wp\/v2\/types\/post"}],"author":[{"embeddable":true,"href":"https:\/\/zjarr.tv\/en\/wp-json\/wp\/v2\/users\/2013"}],"replies":[{"embeddable":true,"href":"https:\/\/zjarr.tv\/en\/wp-json\/wp\/v2\/comments?post=121596"}],"version-history":[{"count":0,"href":"https:\/\/zjarr.tv\/en\/wp-json\/wp\/v2\/posts\/121596\/revisions"}],"wp:featuredmedia":[{"embeddable":true,"href":"https:\/\/zjarr.tv\/en\/wp-json\/wp\/v2\/media\/121599"}],"wp:attachment":[{"href":"https:\/\/zjarr.tv\/en\/wp-json\/wp\/v2\/media?parent=121596"}],"wp:term":[{"taxonomy":"category","embeddable":true,"href":"https:\/\/zjarr.tv\/en\/wp-json\/wp\/v2\/categories?post=121596"},{"taxonomy":"post_tag","embeddable":true,"href":"https:\/\/zjarr.tv\/en\/wp-json\/wp\/v2\/tags?post=121596"}],"curies":[{"name":"wp","href":"https:\/\/api.w.org\/{rel}","templated":true}]}}