{"id":121602,"date":"2020-02-09T11:57:54","date_gmt":"2020-02-09T10:57:54","guid":{"rendered":"https:\/\/zjarr.tv\/?p=121602"},"modified":"2020-02-09T11:57:54","modified_gmt":"2020-02-09T10:57:54","slug":"meta-me-drejtoren-ekzekutive-te-unicef-dhe-drejtorin-e-programit-boteror-te-ushqimit","status":"publish","type":"post","link":"https:\/\/zjarr.tv\/en\/meta-me-drejtoren-ekzekutive-te-unicef-dhe-drejtorin-e-programit-boteror-te-ushqimit\/","title":{"rendered":"Meta me Drejtoren Ekzekutive t\u00eb UNICEF dhe Drejtorin e Programit Bot\u00ebror t\u00eb Ushqimit"},"content":{"rendered":"<p>Presidenti i Republik\u00ebs n\u00ebp\u00ebrmjet nj\u00eb positmi n\u00eb faqen tij n\u00eb facebok ka b\u00ebr\u00eb publik lajmin p\u00ebr takimin e tij me Drejtorin Ekzekutiv t\u00eb Programit Bot\u00ebror t\u00eb Ushqimit dhe me, Drejtoren Ekzekutive t\u00eb UNICEF-it.<\/p>\n<p><strong>Ja postimi i presidenti Ilir Meta:<\/strong><\/p>\n<p>K\u00ebnaq\u00ebsi t\u00eb takoja David Beasley, Drejtorin Ekzekutiv t\u00eb Programit Bot\u00ebror t\u00eb Ushqimit dhe Henrietta H. Fiore, Drejtoren Ekzekutive t\u00eb UNICEF-it, dhe t\u00eb diskutonim p\u00ebr programe p\u00ebr kujdesin e f\u00ebmij\u00ebve n\u00eb ve\u00e7anti.<\/p>\n<div id=\"rekl-13\">\n<div id=\"__sap-ad-15\" class=\"__sap-ads __sap-html tracked\" data-title=\"Credins desktop Brenda lajmit 08\"><\/div>\n<\/div>\n<div id=\"rekl-4\"><\/div>","protected":false},"excerpt":{"rendered":"<p>Presidenti i Republik\u00ebs n\u00ebp\u00ebrmjet nj\u00eb positmi n\u00eb faqen tij n\u00eb facebok ka b\u00ebr\u00eb publik lajmin p\u00ebr takimin e tij me Drejtorin Ekzekutiv t\u00eb Programit Bot\u00ebror t\u00eb Ushqimit dhe me, Drejtoren Ekzekutive t\u00eb UNICEF-it. Ja postimi i presidenti Ilir Meta: K\u00ebnaq\u00ebsi t\u00eb takoja David Beasley, Drejtorin Ekzekutiv t\u00eb Programit Bot\u00ebror t\u00eb Ushqimit dhe Henrietta H. Fiore, [&hellip;]<\/p>\n","protected":false},"author":2013,"featured_media":121603,"comment_status":"open","ping_status":"closed","sticky":false,"template":"","format":"standard","meta":{"footnotes":""},"categories":[241,235],"tags":[],"class_list":{"0":"post-121602","1":"post","2":"type-post","3":"status-publish","4":"format-standard","5":"has-post-thumbnail","7":"category-aktualitet","8":"category-vendi"},"_links":{"self":[{"href":"https:\/\/zjarr.tv\/en\/wp-json\/wp\/v2\/posts\/121602","targetHints":{"allow":["GET"]}}],"collection":[{"href":"https:\/\/zjarr.tv\/en\/wp-json\/wp\/v2\/posts"}],"about":[{"href":"https:\/\/zjarr.tv\/en\/wp-json\/wp\/v2\/types\/post"}],"author":[{"embeddable":true,"href":"https:\/\/zjarr.tv\/en\/wp-json\/wp\/v2\/users\/2013"}],"replies":[{"embeddable":true,"href":"https:\/\/zjarr.tv\/en\/wp-json\/wp\/v2\/comments?post=121602"}],"version-history":[{"count":0,"href":"https:\/\/zjarr.tv\/en\/wp-json\/wp\/v2\/posts\/121602\/revisions"}],"wp:featuredmedia":[{"embeddable":true,"href":"https:\/\/zjarr.tv\/en\/wp-json\/wp\/v2\/media\/121603"}],"wp:attachment":[{"href":"https:\/\/zjarr.tv\/en\/wp-json\/wp\/v2\/media?parent=121602"}],"wp:term":[{"taxonomy":"category","embeddable":true,"href":"https:\/\/zjarr.tv\/en\/wp-json\/wp\/v2\/categories?post=121602"},{"taxonomy":"post_tag","embeddable":true,"href":"https:\/\/zjarr.tv\/en\/wp-json\/wp\/v2\/tags?post=121602"}],"curies":[{"name":"wp","href":"https:\/\/api.w.org\/{rel}","templated":true}]}}