{"id":121609,"date":"2020-02-09T12:54:11","date_gmt":"2020-02-09T11:54:11","guid":{"rendered":"https:\/\/zjarr.tv\/?p=121609"},"modified":"2020-02-09T12:54:11","modified_gmt":"2020-02-09T11:54:11","slug":"ambasadori-soreca-i-buzeqeshur-ne-krah-te-gjonajt-vrapojme-ne-drejtim-te-kundert-me-korrupsionit","status":"publish","type":"post","link":"https:\/\/zjarr.tv\/en\/ambasadori-soreca-i-buzeqeshur-ne-krah-te-gjonajt-vrapojme-ne-drejtim-te-kundert-me-korrupsionit\/","title":{"rendered":"Ambasadori Soreca i buz\u00ebqeshur n\u00eb krah t\u00eb Gjonajt: Vrapojm\u00eb n\u00eb drejtim t\u00eb kund\u00ebrt me korrupsionit!"},"content":{"rendered":"<p>\u00cbsht\u00eb kthyer n\u00eb tradit\u00eb maratona \u201cVrapo kund\u00ebr korrupsionit\u201d. P\u00ebr t\u00eb dytin vit radhazi, Delegacioni i Bashkimit Europian n\u00eb Tiran\u00eb dhe ministria e Drejt\u00ebsis\u00eb kan\u00eb vrapuar n\u00eb drejtim t\u00eb kund\u00ebrt me korrupsionin.<\/p>\n<p>Ambasadori i BE n\u00eb Shqip\u00ebri, Luigi Soreca, shkruan n\u00eb Twitter se vrapit ju bashkuan dit\u00ebn e djeshme 600 persona n\u00eb Parkun e Liqenit t\u00eb Tiran\u00ebs. \u201cSa m\u00eb shum\u00eb t\u00eb jemi, aq m\u00eb e leht\u00eb lufta\u201d, shkruan Soreca, i cili duket se ka zgjedhur t\u00eb vrapoj\u00eb n\u00eb krah\u00eb t\u00eb ministres s\u00eb Drejt\u00ebsis\u00eb, Etilda Gjonaj. T\u00eb dy duken t\u00eb buz\u00ebqeshur n\u00eb foton e shp\u00ebrndar\u00eb n\u00eb rrjetet sociale. N\u00eb aktivitet mor\u00ebn pjes\u00eb edhe ambasadori i Mbret\u00ebris\u00eb s\u00eb Holand\u00ebs n\u00eb Shqip\u00ebri, Guusje Korthals Altes, si dhe p\u00ebrfaq\u00ebsues nga bashkia e Tiran\u00ebs, Dhoma Nd\u00ebrkomb\u00ebtare e Tregtis\u00eb dhe partner\u00eb t\u00eb tjer\u00eb t\u00eb biznesit.<\/p>\n<p>Ministrja Etilda Gjonaj dhe ambasadori Luigi Soreca, n\u00eb nisje t\u00eb ceremonis\u00eb, p\u00ebrsh\u00ebndet\u00ebn t\u00eb pranishmit, teksa m\u00eb tej u zhvillua dhe maratona e vrapit p\u00ebrgjat\u00eb kodrave t\u00eb liqenit artificial t\u00eb Tiran\u00ebs.<\/p>","protected":false},"excerpt":{"rendered":"<p>\u00cbsht\u00eb kthyer n\u00eb tradit\u00eb maratona \u201cVrapo kund\u00ebr korrupsionit\u201d. P\u00ebr t\u00eb dytin vit radhazi, Delegacioni i Bashkimit Europian n\u00eb Tiran\u00eb dhe ministria e Drejt\u00ebsis\u00eb kan\u00eb vrapuar n\u00eb drejtim t\u00eb kund\u00ebrt me korrupsionin. Ambasadori i BE n\u00eb Shqip\u00ebri, Luigi Soreca, shkruan n\u00eb Twitter se vrapit ju bashkuan dit\u00ebn e djeshme 600 persona n\u00eb Parkun e Liqenit t\u00eb [&hellip;]<\/p>\n","protected":false},"author":2013,"featured_media":121610,"comment_status":"open","ping_status":"closed","sticky":false,"template":"","format":"standard","meta":{"footnotes":""},"categories":[241,235],"tags":[],"class_list":{"0":"post-121609","1":"post","2":"type-post","3":"status-publish","4":"format-standard","5":"has-post-thumbnail","7":"category-aktualitet","8":"category-vendi"},"_links":{"self":[{"href":"https:\/\/zjarr.tv\/en\/wp-json\/wp\/v2\/posts\/121609","targetHints":{"allow":["GET"]}}],"collection":[{"href":"https:\/\/zjarr.tv\/en\/wp-json\/wp\/v2\/posts"}],"about":[{"href":"https:\/\/zjarr.tv\/en\/wp-json\/wp\/v2\/types\/post"}],"author":[{"embeddable":true,"href":"https:\/\/zjarr.tv\/en\/wp-json\/wp\/v2\/users\/2013"}],"replies":[{"embeddable":true,"href":"https:\/\/zjarr.tv\/en\/wp-json\/wp\/v2\/comments?post=121609"}],"version-history":[{"count":0,"href":"https:\/\/zjarr.tv\/en\/wp-json\/wp\/v2\/posts\/121609\/revisions"}],"wp:featuredmedia":[{"embeddable":true,"href":"https:\/\/zjarr.tv\/en\/wp-json\/wp\/v2\/media\/121610"}],"wp:attachment":[{"href":"https:\/\/zjarr.tv\/en\/wp-json\/wp\/v2\/media?parent=121609"}],"wp:term":[{"taxonomy":"category","embeddable":true,"href":"https:\/\/zjarr.tv\/en\/wp-json\/wp\/v2\/categories?post=121609"},{"taxonomy":"post_tag","embeddable":true,"href":"https:\/\/zjarr.tv\/en\/wp-json\/wp\/v2\/tags?post=121609"}],"curies":[{"name":"wp","href":"https:\/\/api.w.org\/{rel}","templated":true}]}}