{"id":121612,"date":"2020-02-09T12:56:02","date_gmt":"2020-02-09T11:56:02","guid":{"rendered":"https:\/\/zjarr.tv\/?p=121612"},"modified":"2020-02-09T12:56:02","modified_gmt":"2020-02-09T11:56:02","slug":"spiropali-ndan-me-miqte-momentin-e-embel-nga-shtepia-ja-si-ka-nisur-e-diela-per-ministren","status":"publish","type":"post","link":"https:\/\/zjarr.tv\/en\/spiropali-ndan-me-miqte-momentin-e-embel-nga-shtepia-ja-si-ka-nisur-e-diela-per-ministren\/","title":{"rendered":"Spiropali ndan me miqt\u00eb momentin e \u00ebmb\u00ebl nga sht\u00ebpia, ja si ka nisur e diela p\u00ebr ministren"},"content":{"rendered":"<p>Ministrja e Shtetit p\u00ebr Marr\u00ebdh\u00ebniet me Parlamentin , Elisa Spiropali, ka publikuar p\u00ebr her\u00eb t\u00eb foto, ku shfaqet me birin e saj t\u00eb porsalindur n\u00eb krah, n\u00eb sht\u00ebpin\u00eb e tyre.<\/p>\n<p>Ministrja solli n\u00eb jet\u00eb djalin e saj pak jav\u00eb m\u00eb par\u00eb, ku vendosi ta pag\u00ebzoj\u00eb me emrin Kren. Nd\u00ebrkoh\u00eb, m\u00ebngjesi i sot\u00ebm ka nisur mjaft \u00ebmb\u00ebl p\u00ebr ministren, ku k\u00ebt\u00eb moment ajo vendos ta ndaj\u00eb me ndjek\u00ebsit n\u00eb rrjetet sociale.<\/p>\n<p>\u201c Mir\u00ebm\u00ebngjes\u201d, shkruan Spiropali n\u00eb p\u00ebrshkrimin e fotos.<\/p>\n<p><iframe loading=\"lazy\" src=\"https:\/\/www.facebook.com\/plugins\/post.php?href=https%3A%2F%2Fwww.facebook.com%2Fespiropali%2Fposts%2F10159310372642926&amp;width=500\" width=\"500\" height=\"549\" frameborder=\"0\" scrolling=\"no\" data-mce-fragment=\"1\"><\/iframe><\/p>\n<p>&nbsp;<\/p>","protected":false},"excerpt":{"rendered":"<p>Ministrja e Shtetit p\u00ebr Marr\u00ebdh\u00ebniet me Parlamentin , Elisa Spiropali, ka publikuar p\u00ebr her\u00eb t\u00eb foto, ku shfaqet me birin e saj t\u00eb porsalindur n\u00eb krah, n\u00eb sht\u00ebpin\u00eb e tyre. Ministrja solli n\u00eb jet\u00eb djalin e saj pak jav\u00eb m\u00eb par\u00eb, ku vendosi ta pag\u00ebzoj\u00eb me emrin Kren. Nd\u00ebrkoh\u00eb, m\u00ebngjesi i sot\u00ebm ka nisur mjaft [&hellip;]<\/p>\n","protected":false},"author":2013,"featured_media":69487,"comment_status":"open","ping_status":"closed","sticky":false,"template":"","format":"standard","meta":{"footnotes":""},"categories":[241,235],"tags":[],"class_list":{"0":"post-121612","1":"post","2":"type-post","3":"status-publish","4":"format-standard","5":"has-post-thumbnail","7":"category-aktualitet","8":"category-vendi"},"_links":{"self":[{"href":"https:\/\/zjarr.tv\/en\/wp-json\/wp\/v2\/posts\/121612","targetHints":{"allow":["GET"]}}],"collection":[{"href":"https:\/\/zjarr.tv\/en\/wp-json\/wp\/v2\/posts"}],"about":[{"href":"https:\/\/zjarr.tv\/en\/wp-json\/wp\/v2\/types\/post"}],"author":[{"embeddable":true,"href":"https:\/\/zjarr.tv\/en\/wp-json\/wp\/v2\/users\/2013"}],"replies":[{"embeddable":true,"href":"https:\/\/zjarr.tv\/en\/wp-json\/wp\/v2\/comments?post=121612"}],"version-history":[{"count":0,"href":"https:\/\/zjarr.tv\/en\/wp-json\/wp\/v2\/posts\/121612\/revisions"}],"wp:featuredmedia":[{"embeddable":true,"href":"https:\/\/zjarr.tv\/en\/wp-json\/wp\/v2\/media\/69487"}],"wp:attachment":[{"href":"https:\/\/zjarr.tv\/en\/wp-json\/wp\/v2\/media?parent=121612"}],"wp:term":[{"taxonomy":"category","embeddable":true,"href":"https:\/\/zjarr.tv\/en\/wp-json\/wp\/v2\/categories?post=121612"},{"taxonomy":"post_tag","embeddable":true,"href":"https:\/\/zjarr.tv\/en\/wp-json\/wp\/v2\/tags?post=121612"}],"curies":[{"name":"wp","href":"https:\/\/api.w.org\/{rel}","templated":true}]}}