{"id":121618,"date":"2020-02-09T12:59:15","date_gmt":"2020-02-09T11:59:15","guid":{"rendered":"https:\/\/zjarr.tv\/?p=121618"},"modified":"2020-02-09T12:59:15","modified_gmt":"2020-02-09T11:59:15","slug":"meta-mbyll-viziten-ne-shba-takimi-i-fundit-me-ish-ambasadorin-arvizu-ja-mesazhi","status":"publish","type":"post","link":"https:\/\/zjarr.tv\/en\/meta-mbyll-viziten-ne-shba-takimi-i-fundit-me-ish-ambasadorin-arvizu-ja-mesazhi\/","title":{"rendered":"Meta mbyll vizit\u00ebn n\u00eb SHBA, takimi i fundit me ish-ambasadorin Arvizu, ja mesazhi"},"content":{"rendered":"<p>N\u00eb fund t\u00eb vizit\u00ebs s\u00eb tij n\u00eb Shtetet e Bashkuara t\u00eb Amerik\u00ebs, Presidenti Ilir Meta ka zhvilluar nj\u00eb takim me ish-ambsadorin amerikan n\u00eb Tiran\u00eb, Aleksand\u00ebr Arvizu. P\u00ebrmes nj\u00eb mesazhi n\u00eb \u201cFacebook\u201d, Kreu i Shtetit Shqiptar publikon nj\u00eb foto me diplomatin Arvizu, ku shkruan se ai mbetet gjithmon\u00eb nj\u00eb promovues i miq\u00ebsis\u00eb shqiptaro-amerikane.<\/p>\n<p>\u201cN\u00eb fund t\u00eb k\u00ebsaj vizite, nj\u00eb \u00e7mallje me Ambasadorin Arvizu. Ai mbetet gjithmon\u00eb nj\u00eb promovues i palodhur i miq\u00ebsis\u00eb shqiptaro-amerikane! \ud83c\udde6\ud83c\uddf1\ud83c\uddfa\ud83c\uddf8\u201d, shkruan Meta.<\/p>\n<p><iframe loading=\"lazy\" src=\"https:\/\/www.facebook.com\/plugins\/post.php?href=https%3A%2F%2Fwww.facebook.com%2Filirmetazyrtar%2Fposts%2F2794677953911793&amp;width=500\" width=\"500\" height=\"491\" frameborder=\"0\" scrolling=\"no\" data-mce-fragment=\"1\"><\/iframe><\/p>\n<p>&nbsp;<\/p>","protected":false},"excerpt":{"rendered":"<p>N\u00eb fund t\u00eb vizit\u00ebs s\u00eb tij n\u00eb Shtetet e Bashkuara t\u00eb Amerik\u00ebs, Presidenti Ilir Meta ka zhvilluar nj\u00eb takim me ish-ambsadorin amerikan n\u00eb Tiran\u00eb, Aleksand\u00ebr Arvizu. P\u00ebrmes nj\u00eb mesazhi n\u00eb \u201cFacebook\u201d, Kreu i Shtetit Shqiptar publikon nj\u00eb foto me diplomatin Arvizu, ku shkruan se ai mbetet gjithmon\u00eb nj\u00eb promovues i miq\u00ebsis\u00eb shqiptaro-amerikane. \u201cN\u00eb fund t\u00eb [&hellip;]<\/p>\n","protected":false},"author":2013,"featured_media":121619,"comment_status":"open","ping_status":"closed","sticky":false,"template":"","format":"standard","meta":{"footnotes":""},"categories":[241,235],"tags":[],"class_list":{"0":"post-121618","1":"post","2":"type-post","3":"status-publish","4":"format-standard","5":"has-post-thumbnail","7":"category-aktualitet","8":"category-vendi"},"_links":{"self":[{"href":"https:\/\/zjarr.tv\/en\/wp-json\/wp\/v2\/posts\/121618","targetHints":{"allow":["GET"]}}],"collection":[{"href":"https:\/\/zjarr.tv\/en\/wp-json\/wp\/v2\/posts"}],"about":[{"href":"https:\/\/zjarr.tv\/en\/wp-json\/wp\/v2\/types\/post"}],"author":[{"embeddable":true,"href":"https:\/\/zjarr.tv\/en\/wp-json\/wp\/v2\/users\/2013"}],"replies":[{"embeddable":true,"href":"https:\/\/zjarr.tv\/en\/wp-json\/wp\/v2\/comments?post=121618"}],"version-history":[{"count":0,"href":"https:\/\/zjarr.tv\/en\/wp-json\/wp\/v2\/posts\/121618\/revisions"}],"wp:featuredmedia":[{"embeddable":true,"href":"https:\/\/zjarr.tv\/en\/wp-json\/wp\/v2\/media\/121619"}],"wp:attachment":[{"href":"https:\/\/zjarr.tv\/en\/wp-json\/wp\/v2\/media?parent=121618"}],"wp:term":[{"taxonomy":"category","embeddable":true,"href":"https:\/\/zjarr.tv\/en\/wp-json\/wp\/v2\/categories?post=121618"},{"taxonomy":"post_tag","embeddable":true,"href":"https:\/\/zjarr.tv\/en\/wp-json\/wp\/v2\/tags?post=121618"}],"curies":[{"name":"wp","href":"https:\/\/api.w.org\/{rel}","templated":true}]}}