{"id":121622,"date":"2020-02-09T13:11:16","date_gmt":"2020-02-09T12:11:16","guid":{"rendered":"https:\/\/zjarr.tv\/?p=121622"},"modified":"2020-02-09T13:11:16","modified_gmt":"2020-02-09T12:11:16","slug":"plagosje-me-thike-ne-shkoder-nje-person-perfundon-ne-spital","status":"publish","type":"post","link":"https:\/\/zjarr.tv\/en\/plagosje-me-thike-ne-shkoder-nje-person-perfundon-ne-spital\/","title":{"rendered":"Plagosje me thik\u00eb n\u00eb Shkod\u00ebr, nj\u00eb person p\u00ebrfundon n\u00eb spital"},"content":{"rendered":"<p>Nj\u00eb plagosje me thik\u00eb ka ndodhur k\u00ebt\u00eb mesdit\u00eb n\u00eb qytetin e Shkodr\u00ebs. \u00ebsht\u00eb plagosur me thik\u00eb shtetasi Besnik Idrizi, 42 vje\u00e7, i cili \u00ebsht\u00eb d\u00ebrguar menj\u00ebher\u00eb n\u00eb spital dhe ndodhet jasht\u00eb rrezikut p\u00ebr jet\u00ebn. Nga t\u00eb dh\u00ebnat e para, raportohet se ngjarja ka ndodhur pas nj\u00eb konflikti t\u00eb \u00e7astit, n\u00ebfshatin Shtojc i Ri.<\/p>","protected":false},"excerpt":{"rendered":"<p>Nj\u00eb plagosje me thik\u00eb ka ndodhur k\u00ebt\u00eb mesdit\u00eb n\u00eb qytetin e Shkodr\u00ebs. \u00ebsht\u00eb plagosur me thik\u00eb shtetasi Besnik Idrizi, 42 vje\u00e7, i cili \u00ebsht\u00eb d\u00ebrguar menj\u00ebher\u00eb n\u00eb spital dhe ndodhet jasht\u00eb rrezikut p\u00ebr jet\u00ebn. Nga t\u00eb dh\u00ebnat e para, raportohet se ngjarja ka ndodhur pas nj\u00eb konflikti t\u00eb \u00e7astit, n\u00ebfshatin Shtojc i Ri.<\/p>","protected":false},"author":2013,"featured_media":38161,"comment_status":"open","ping_status":"closed","sticky":false,"template":"","format":"standard","meta":{"footnotes":""},"categories":[241,235],"tags":[],"class_list":{"0":"post-121622","1":"post","2":"type-post","3":"status-publish","4":"format-standard","5":"has-post-thumbnail","7":"category-aktualitet","8":"category-vendi"},"_links":{"self":[{"href":"https:\/\/zjarr.tv\/en\/wp-json\/wp\/v2\/posts\/121622","targetHints":{"allow":["GET"]}}],"collection":[{"href":"https:\/\/zjarr.tv\/en\/wp-json\/wp\/v2\/posts"}],"about":[{"href":"https:\/\/zjarr.tv\/en\/wp-json\/wp\/v2\/types\/post"}],"author":[{"embeddable":true,"href":"https:\/\/zjarr.tv\/en\/wp-json\/wp\/v2\/users\/2013"}],"replies":[{"embeddable":true,"href":"https:\/\/zjarr.tv\/en\/wp-json\/wp\/v2\/comments?post=121622"}],"version-history":[{"count":0,"href":"https:\/\/zjarr.tv\/en\/wp-json\/wp\/v2\/posts\/121622\/revisions"}],"wp:featuredmedia":[{"embeddable":true,"href":"https:\/\/zjarr.tv\/en\/wp-json\/wp\/v2\/media\/38161"}],"wp:attachment":[{"href":"https:\/\/zjarr.tv\/en\/wp-json\/wp\/v2\/media?parent=121622"}],"wp:term":[{"taxonomy":"category","embeddable":true,"href":"https:\/\/zjarr.tv\/en\/wp-json\/wp\/v2\/categories?post=121622"},{"taxonomy":"post_tag","embeddable":true,"href":"https:\/\/zjarr.tv\/en\/wp-json\/wp\/v2\/tags?post=121622"}],"curies":[{"name":"wp","href":"https:\/\/api.w.org\/{rel}","templated":true}]}}