{"id":121629,"date":"2020-02-09T15:00:34","date_gmt":"2020-02-09T14:00:34","guid":{"rendered":"https:\/\/zjarr.tv\/?p=121629"},"modified":"2020-02-09T15:00:34","modified_gmt":"2020-02-09T14:00:34","slug":"metodologjise-se-re-e-be-ish-ministri-bushati-procesi-do-te-jete-me-i-veshtire-dhe-kerkues","status":"publish","type":"post","link":"https:\/\/zjarr.tv\/en\/metodologjise-se-re-e-be-ish-ministri-bushati-procesi-do-te-jete-me-i-veshtire-dhe-kerkues\/","title":{"rendered":"Metodologjis\u00eb s\u00eb re e BE, ish-ministri Bushati: Procesi do t\u00eb jet\u00eb m\u00eb i v\u00ebshtir\u00eb dhe k\u00ebrkues"},"content":{"rendered":"<p>Ballkani Per\u00ebndimor nuk \u00ebsht\u00eb prioritet i Bashkimit Evropian, pasi sipas ish-ministrit Ditmir Bushati, unioni pas largimit t\u00eb Britanis\u00eb po k\u00ebrkon aleanca t\u00eb reja brenda saj.\u00a0 Nd\u00ebrsa p\u00ebr sa i p\u00ebrket metodologjis\u00eb s\u00eb re, ai shprehet se procesi do t\u00eb jet\u00eb m\u00eb i v\u00ebshtir\u00eb dhe m\u00eb politik.<\/p>\n<p>Pak dit\u00eb pas prezantimit t\u00eb metodologjis\u00eb s\u00eb re, ish-ministri i Jasht\u00ebm Ditmir Bushati n\u00eb nj\u00eb intervist\u00eb p\u00ebr mediat greke shprehet kritik ndaj q\u00ebndrimit t\u00eb Bashkimit Evropian kundrejt vendeve t\u00eb Ballkanit Per\u00ebndimor.\u00a0 Sipas tij, debati i zgjerimit shihet m\u00eb shum\u00eb si nj\u00eb barr\u00eb nga vendet e unionit se sa si nj\u00eb p\u00ebrgjegj\u00ebsi historike.<\/p>\n<p>Bushati n\u00ebnvizon se metodologjia e re nuk ja leht\u00ebson pun\u00eb n\u00eb vendeve si Shqip\u00ebris\u00eb apo Maqedonis\u00eb s\u00eb Veriut, p\u00ebrkundrazi procesi do t\u00eb jet\u00eb m\u00eb k\u00ebrkues.<\/p>\n<p>Pas largimit t\u00eb Britanis\u00eb s\u00eb Madhe nga unionit, sipas ish-ministrit lider\u00ebt kryesor\u00eb t\u00eb vendeve t\u00eb zhvilluar po k\u00ebrkojn\u00eb aleanca t\u00eb reja.<\/p>\n<p>P\u00ebrve\u00e7 integrimit Ditmir Bushati i ka k\u00ebrkuar qeveris\u00eb shqiptare dhe asaj greke kurajoje politike p\u00ebr t\u2019i zgjidhur n\u00eb tryez\u00ebn e bisedimeve dypal\u00ebshe t\u00eb gjitha \u00e7\u00ebshtjet e mbetura pezull.<\/p>","protected":false},"excerpt":{"rendered":"<p>Ballkani Per\u00ebndimor nuk \u00ebsht\u00eb prioritet i Bashkimit Evropian, pasi sipas ish-ministrit Ditmir Bushati, unioni pas largimit t\u00eb Britanis\u00eb po k\u00ebrkon aleanca t\u00eb reja brenda saj.\u00a0 Nd\u00ebrsa p\u00ebr sa i p\u00ebrket metodologjis\u00eb s\u00eb re, ai shprehet se procesi do t\u00eb jet\u00eb m\u00eb i v\u00ebshtir\u00eb dhe m\u00eb politik. Pak dit\u00eb pas prezantimit t\u00eb metodologjis\u00eb s\u00eb re, ish-ministri [&hellip;]<\/p>\n","protected":false},"author":2013,"featured_media":101073,"comment_status":"open","ping_status":"closed","sticky":false,"template":"","format":"standard","meta":{"footnotes":""},"categories":[241,235],"tags":[],"class_list":{"0":"post-121629","1":"post","2":"type-post","3":"status-publish","4":"format-standard","5":"has-post-thumbnail","7":"category-aktualitet","8":"category-vendi"},"_links":{"self":[{"href":"https:\/\/zjarr.tv\/en\/wp-json\/wp\/v2\/posts\/121629","targetHints":{"allow":["GET"]}}],"collection":[{"href":"https:\/\/zjarr.tv\/en\/wp-json\/wp\/v2\/posts"}],"about":[{"href":"https:\/\/zjarr.tv\/en\/wp-json\/wp\/v2\/types\/post"}],"author":[{"embeddable":true,"href":"https:\/\/zjarr.tv\/en\/wp-json\/wp\/v2\/users\/2013"}],"replies":[{"embeddable":true,"href":"https:\/\/zjarr.tv\/en\/wp-json\/wp\/v2\/comments?post=121629"}],"version-history":[{"count":0,"href":"https:\/\/zjarr.tv\/en\/wp-json\/wp\/v2\/posts\/121629\/revisions"}],"wp:featuredmedia":[{"embeddable":true,"href":"https:\/\/zjarr.tv\/en\/wp-json\/wp\/v2\/media\/101073"}],"wp:attachment":[{"href":"https:\/\/zjarr.tv\/en\/wp-json\/wp\/v2\/media?parent=121629"}],"wp:term":[{"taxonomy":"category","embeddable":true,"href":"https:\/\/zjarr.tv\/en\/wp-json\/wp\/v2\/categories?post=121629"},{"taxonomy":"post_tag","embeddable":true,"href":"https:\/\/zjarr.tv\/en\/wp-json\/wp\/v2\/tags?post=121629"}],"curies":[{"name":"wp","href":"https:\/\/api.w.org\/{rel}","templated":true}]}}