{"id":121632,"date":"2020-02-09T15:05:56","date_gmt":"2020-02-09T14:05:56","guid":{"rendered":"https:\/\/zjarr.tv\/?p=121632"},"modified":"2020-02-09T15:05:56","modified_gmt":"2020-02-09T14:05:56","slug":"sot-i-jepet-lamtumira-e-fundit-nexhmije-pagarushes-kosova-ne-zi-kombetare","status":"publish","type":"post","link":"https:\/\/zjarr.tv\/en\/sot-i-jepet-lamtumira-e-fundit-nexhmije-pagarushes-kosova-ne-zi-kombetare\/","title":{"rendered":"Sot i jepet lamtumira e fundit Nexhmije Pagarush\u00ebs, Kosova n\u00eb zi komb\u00ebtare"},"content":{"rendered":"<p>Dit\u00ebn e sotme i jepet lamtumira e fundit bilbilit t\u00eb Kosov\u00ebs, Nexhmije Pagarusha. Nd\u00ebrsa Kosova ka shpallur dit\u00ebn e sotme si dit\u00eb zie n\u00eb nderim t\u00eb jet\u00ebs dhe vepr\u00ebs s\u00eb artistes s\u00eb madhe, Nexhmije Pagarusha. Varrimi i Nexhmije Pagarush\u00ebs do t\u00eb b\u00ebhet sot n\u00eb or\u00ebn 14:30 n\u00eb fshatin Pagarush\u00eb t\u00eb Malishev\u00ebs, n\u00eb nj\u00eb ceremoni familjare sipas amanetit t\u00eb saj t\u00eb fundit. K\u00ebng\u00ebtarja e famshme Nexhmije Pagarusha nd\u00ebrroi jet\u00eb t\u00eb premten n\u00eb mosh\u00ebn 86 vje\u00e7are.<\/p>","protected":false},"excerpt":{"rendered":"<p>Dit\u00ebn e sotme i jepet lamtumira e fundit bilbilit t\u00eb Kosov\u00ebs, Nexhmije Pagarusha. Nd\u00ebrsa Kosova ka shpallur dit\u00ebn e sotme si dit\u00eb zie n\u00eb nderim t\u00eb jet\u00ebs dhe vepr\u00ebs s\u00eb artistes s\u00eb madhe, Nexhmije Pagarusha. Varrimi i Nexhmije Pagarush\u00ebs do t\u00eb b\u00ebhet sot n\u00eb or\u00ebn 14:30 n\u00eb fshatin Pagarush\u00eb t\u00eb Malishev\u00ebs, n\u00eb nj\u00eb ceremoni familjare [&hellip;]<\/p>\n","protected":false},"author":2013,"featured_media":121466,"comment_status":"open","ping_status":"closed","sticky":false,"template":"","format":"standard","meta":{"footnotes":""},"categories":[241,2],"tags":[],"class_list":{"0":"post-121632","1":"post","2":"type-post","3":"status-publish","4":"format-standard","5":"has-post-thumbnail","7":"category-aktualitet","8":"category-rajoni"},"_links":{"self":[{"href":"https:\/\/zjarr.tv\/en\/wp-json\/wp\/v2\/posts\/121632","targetHints":{"allow":["GET"]}}],"collection":[{"href":"https:\/\/zjarr.tv\/en\/wp-json\/wp\/v2\/posts"}],"about":[{"href":"https:\/\/zjarr.tv\/en\/wp-json\/wp\/v2\/types\/post"}],"author":[{"embeddable":true,"href":"https:\/\/zjarr.tv\/en\/wp-json\/wp\/v2\/users\/2013"}],"replies":[{"embeddable":true,"href":"https:\/\/zjarr.tv\/en\/wp-json\/wp\/v2\/comments?post=121632"}],"version-history":[{"count":0,"href":"https:\/\/zjarr.tv\/en\/wp-json\/wp\/v2\/posts\/121632\/revisions"}],"wp:featuredmedia":[{"embeddable":true,"href":"https:\/\/zjarr.tv\/en\/wp-json\/wp\/v2\/media\/121466"}],"wp:attachment":[{"href":"https:\/\/zjarr.tv\/en\/wp-json\/wp\/v2\/media?parent=121632"}],"wp:term":[{"taxonomy":"category","embeddable":true,"href":"https:\/\/zjarr.tv\/en\/wp-json\/wp\/v2\/categories?post=121632"},{"taxonomy":"post_tag","embeddable":true,"href":"https:\/\/zjarr.tv\/en\/wp-json\/wp\/v2\/tags?post=121632"}],"curies":[{"name":"wp","href":"https:\/\/api.w.org\/{rel}","templated":true}]}}