{"id":121637,"date":"2020-02-09T15:08:47","date_gmt":"2020-02-09T14:08:47","guid":{"rendered":"https:\/\/zjarr.tv\/?p=121637"},"modified":"2020-02-09T15:08:47","modified_gmt":"2020-02-09T14:08:47","slug":"halim-kosova-zbulon-nismen-e-nisur-me-ambasaden-e-shba-brenda-pd-se-flet-dhe-si-mjek-si-te-ndalet-largimi-masiv","status":"publish","type":"post","link":"https:\/\/zjarr.tv\/en\/halim-kosova-zbulon-nismen-e-nisur-me-ambasaden-e-shba-brenda-pd-se-flet-dhe-si-mjek-si-te-ndalet-largimi-masiv\/","title":{"rendered":"Halim Kosova zbulon nism\u00ebn e nisur me ambasad\u00ebn e SHBA brenda PD-s\u00eb, flet dhe si mjek: Si t\u00eb ndalet largimi masiv"},"content":{"rendered":"<p>Halim Kosova, ish-deputet i Partis\u00eb Demokratike t\u00eb Shqip\u00ebris\u00eb dhe mjek i njohur obstet\u00ebr-gjinekolog, thot\u00eb se partia ku ai b\u00ebn pjes\u00eb po i kushton r\u00ebnd\u00ebsi etik\u00ebs dhe past\u00ebrtis\u00eb s\u00eb figur\u00ebs t\u00eb njer\u00ebzve t\u00eb saj<\/p>\n<p>N\u00eb nj\u00eb intervist\u00eb me Z\u00ebrin e Amerik\u00ebs, Dr. Kosova flet p\u00ebr r\u00ebnd\u00ebsin\u00eb e ideve t\u00eb reja q\u00eb Partia Demokratike ka p\u00ebr t\u00eb nes\u00ebrmen dhe propozon zgjidhje p\u00ebr kujdesin sh\u00ebndet\u00ebsor n\u00eb Shqip\u00ebri n\u00eb kushtet kur shum\u00eb mjek\u00eb dhe infermier\u00eb vazhdojn\u00eb t\u00eb largohen nga vendi. Ai ishte n\u00eb Uashington p\u00ebr t\u00eb marr\u00eb pjes\u00eb n\u00eb ceremonin\u00eb e M\u00ebngjesit t\u00eb Lutjeve.<\/p>\n<p><iframe loading=\"lazy\" src=\"https:\/\/www.zeriamerikes.com\/embed\/player\/0\/5279498.html?type=video\" width=\"640\" height=\"360\" frameborder=\"0\" scrolling=\"no\" allowfullscreen=\"allowfullscreen\" data-mce-fragment=\"1\"><\/iframe><\/p>\n<p><strong>Ku \u00ebsht\u00eb PD sot, a e kan\u00eb humbur njer\u00ebzit besimin?<\/strong><br \/>\nT\u00eb jem i sinqert\u00eb un\u00eb nuk kam nj\u00eb let\u00ebr e kalem, q\u00eb t\u00eb fiksoj t\u00eb metat te PD. Un\u00eb n\u00eb \u00e7do minut\u00eb mendoj si t\u2019ia rris\u00eb reputacionin PD dhe si t\u00eb rris\u00eb besimin e njer\u00ebzve te PD, por edhe t\u2019ia rris\u00eb reputacionin asaj n\u00eb popullat\u00eb.<\/p>\n<p><strong>Ka nj\u00eb perceptim q\u00eb krer\u00ebt e opozit\u00ebs nuk kan\u00eb ndryshim, si mund t\u00eb arrini t\u00eb vendosni nj\u00eb standard m\u00eb t\u00eb lart\u00eb p\u00ebr t\u2019i shp\u00ebtuar k\u00ebtij perceptimi?<\/strong><br \/>\nShqip\u00ebria \u00ebsht\u00eb vend i vog\u00ebl dhe njer\u00ebzit njihen shum\u00eb nj\u00ebri me tjetrin. Besimi n\u00eb nj\u00eb forc\u00eb politike vjen n\u00eb radh\u00eb t\u00eb par\u00eb nga njer\u00ebzit q\u00eb e p\u00ebrfaq\u00ebsojn\u00eb k\u00ebt\u00eb forc\u00eb politike, qoft\u00eb PD, qoft\u00eb opozit\u00ebn. Duke e ditur mir\u00eb PD k\u00ebt\u00eb, ka disa koh\u00eb q\u00eb ka ngritur Komisionin e Etik\u00ebs dhe Past\u00ebrtis\u00eb s\u00eb Figur\u00ebs brenda PD.<\/p>\n<p>Nuk \u00ebsht\u00eb sekret ta them, q\u00eb ambasada amerikane n\u00eb Tiran\u00eb m\u00eb ka ndihmuar jasht\u00ebzakonisht shum\u00eb p\u00ebr ta nxitur k\u00ebt\u00eb projekt, pasi nuk kisha ndonj\u00eb ide p\u00ebr t\u2019ia nisur pun\u00ebs, por ata jan\u00eb shum\u00eb t\u00eb gatsh\u00ebm kur b\u00ebhet di\u00e7ka e mir\u00eb p\u00ebr t\u00eb parandaluar korrupsionin. Kemi nd\u00ebrtuar nj\u00eb pyet\u00ebsor, q\u00eb do t\u00eb thoja perfekt, se si t\u00eb p\u00ebrzgjidhen njer\u00ebzit, q\u00eb do t\u00eb hyjn\u00eb nes\u00ebr n\u00eb PD apo q\u00eb jan\u00eb edhe brenda PD, dhe q\u00eb jan\u00eb figurat e ardhshme t\u00eb marrjes s\u00eb pushtetit apo pozicioneve shum\u00eb t\u00eb r\u00ebnd\u00ebsishme n\u00eb qeverisjen e vendit.<\/p>\n<p>\u00c7do institucion nes\u00ebr, q\u00eb PD do t\u00eb marr\u00eb, kur t\u00eb marr\u00eb pushtetin, do njeriun perfekt, q\u00eb t\u00eb b\u00ebj\u00eb pun\u00ebn, njeriun me figur\u00eb t\u00eb past\u00ebr, por edhe me ide t\u00eb sh\u00ebndosha. Dekriminalizimi \u00ebsht\u00eb i p\u00ebrshkruar me holl\u00ebsi, q\u00eb nuk ka mund\u00ebsi asnj\u00eb t\u2019i shp\u00ebtoj\u00eb k\u00ebtij lloj vaksinimi kund\u00ebr t\u00eb keqes nes\u00ebr ose pasnes\u00ebr.<\/p>\n<p><strong>Udh\u00ebheqja e PD sot ka nj\u00eb apati, si do vazhdohet<\/strong><br \/>\nUn\u00eb nuk hyj n\u00eb at\u00eb grupin q\u00eb vendos n\u00ebse do b\u00ebhet apo jo protest\u00eb. Un\u00eb mendoj se p\u00ebrmes protestave t\u00eb dhunshme asnj\u00ebher\u00eb nuk mund t\u00eb vish n\u00eb pushtet. M\u00eb e r\u00ebnd\u00ebsishme se protestat \u00ebsht\u00eb ajo se \u00e7far\u00eb premton PD dhe me \u00e7far\u00eb njer\u00ebzish p\u00ebrballet apo p\u00ebr t\u00eb nes\u00ebrmen. Pra, n\u00ebse njer\u00ebzit shohin se nj\u00eb ide shum\u00eb t\u00eb mir\u00eb t\u00eb PD e thot\u00eb nj\u00eb njeri q\u00eb s\u2019ka derdhur djers\u00eb asnj\u00ebher\u00eb n\u00eb jet\u00ebn e vet dhe q\u00eb nuk \u00ebsht\u00eb i besuesh\u00ebm si figur\u00eb, kuptohet q\u00eb kjo e cenon reputacionin e PD.<\/p>\n<p><strong>A ka nevoj\u00eb PD p\u00ebr nj\u00eb lloj procesi demokratizimi t\u00eb brendsh\u00ebm?<\/strong><br \/>\nDemokratizimi \u00ebsht\u00eb nj\u00eb rrug\u00ebtim pa fund. Sa m\u00eb i madh e p\u00ebrparuar t\u00eb jet\u00eb, aq m\u00eb mir\u00eb \u00ebsht\u00eb p\u00ebr vendet dhe p\u00ebr PD vet\u00eb. Nuk mund t\u00eb themi q\u00eb demokratizimi duhet t\u00eb shkoj\u00eb deri n\u00eb nj\u00eb pik\u00eb dhe mjaft. Demokratizimi duhet t\u00eb vazhdoj\u00eb pafund\u00ebsisht.<\/p>\n<p><strong>\u00c7\u2019mund t\u00eb thuhet p\u00ebr gjendjen e kujdesit sh\u00ebndet\u00ebsor n\u00eb Shqip\u00ebri, meq\u00eb jeni mjek, nga ana tjet\u00ebr ka nj\u00eb largim n\u00eb mas\u00eb t\u00eb mjek\u00ebve drejt vendeve t\u00eb tjera, si mund t\u00eb zgjidhet kjo situat\u00eb?<\/strong><br \/>\nSa i takon n\u00ebn\u00ebs dhe f\u00ebmij\u00ebs, ku kam punuar p\u00ebr 40 vjet, kam marr\u00eb iniciativ\u00ebn dhe kam nisur nj\u00eb tur me nj\u00eb personel t\u00eb vog\u00ebl mjek\u00ebsor n\u00ebp\u00ebr t\u00eb gjitha zonat, ku mungon ky sh\u00ebrbim kaq i r\u00ebnd\u00ebsish\u00ebm. Ideja ka qen\u00eb e thjesht\u00eb, sa t\u00eb vijn\u00eb 40 gra nga nj\u00eb zon\u00eb shum\u00eb e thell\u00eb dhe me v\u00ebshtir\u00ebsi ekonomike n\u00eb Tiran\u00eb, po marr un\u00eb pajisjet dhe po shkoj atje e po iu sh\u00ebrbej. T\u00eb jeni i sigurt se un\u00eb pas vizit\u00ebs n\u00eb disa qytete do t\u00eb nd\u00ebrtoj nj\u00eb strategji se si gjith\u00eb armata e mjek\u00ebve, q\u00eb jan\u00eb aktualisht n\u00eb kryeqytet, t\u00eb mos rrin\u00eb t\u00eb mbyllur n\u00eb spital, po si ta organizojm\u00eb k\u00ebt\u00eb pun\u00eb n\u00ebp\u00ebr gjith\u00eb Shqip\u00ebrin\u00eb.<\/p>\n<p><strong>Do b\u00ebhet falas?<\/strong><br \/>\nPo, un\u00eb e b\u00ebj falas dhe n\u00eb m\u00ebnyr\u00eb vullnetare, por t\u00eb gjith\u00eb mjek\u00ebt duhet ta b\u00ebjn\u00eb n\u00eb m\u00ebnyr\u00eb t\u00eb detyrueshme nga qeveria. Sot, ekzistojn\u00eb shum\u00eb zona, ku nuk ka asnj\u00eb lloj bluze t\u00eb bardh\u00eb. N\u00eb nj\u00eb zon\u00eb ku ikin mjek\u00ebt, m\u00ebsuesit\u2026 do t\u00eb ik\u00eb dhe gjith\u00eb popullata.<\/p>","protected":false},"excerpt":{"rendered":"<p>Halim Kosova, ish-deputet i Partis\u00eb Demokratike t\u00eb Shqip\u00ebris\u00eb dhe mjek i njohur obstet\u00ebr-gjinekolog, thot\u00eb se partia ku ai b\u00ebn pjes\u00eb po i kushton r\u00ebnd\u00ebsi etik\u00ebs dhe past\u00ebrtis\u00eb s\u00eb figur\u00ebs t\u00eb njer\u00ebzve t\u00eb saj N\u00eb nj\u00eb intervist\u00eb me Z\u00ebrin e Amerik\u00ebs, Dr. Kosova flet p\u00ebr r\u00ebnd\u00ebsin\u00eb e ideve t\u00eb reja q\u00eb Partia Demokratike ka p\u00ebr t\u00eb [&hellip;]<\/p>\n","protected":false},"author":2013,"featured_media":121638,"comment_status":"open","ping_status":"closed","sticky":false,"template":"","format":"standard","meta":{"footnotes":""},"categories":[241,235],"tags":[],"class_list":{"0":"post-121637","1":"post","2":"type-post","3":"status-publish","4":"format-standard","5":"has-post-thumbnail","7":"category-aktualitet","8":"category-vendi"},"_links":{"self":[{"href":"https:\/\/zjarr.tv\/en\/wp-json\/wp\/v2\/posts\/121637","targetHints":{"allow":["GET"]}}],"collection":[{"href":"https:\/\/zjarr.tv\/en\/wp-json\/wp\/v2\/posts"}],"about":[{"href":"https:\/\/zjarr.tv\/en\/wp-json\/wp\/v2\/types\/post"}],"author":[{"embeddable":true,"href":"https:\/\/zjarr.tv\/en\/wp-json\/wp\/v2\/users\/2013"}],"replies":[{"embeddable":true,"href":"https:\/\/zjarr.tv\/en\/wp-json\/wp\/v2\/comments?post=121637"}],"version-history":[{"count":0,"href":"https:\/\/zjarr.tv\/en\/wp-json\/wp\/v2\/posts\/121637\/revisions"}],"wp:featuredmedia":[{"embeddable":true,"href":"https:\/\/zjarr.tv\/en\/wp-json\/wp\/v2\/media\/121638"}],"wp:attachment":[{"href":"https:\/\/zjarr.tv\/en\/wp-json\/wp\/v2\/media?parent=121637"}],"wp:term":[{"taxonomy":"category","embeddable":true,"href":"https:\/\/zjarr.tv\/en\/wp-json\/wp\/v2\/categories?post=121637"},{"taxonomy":"post_tag","embeddable":true,"href":"https:\/\/zjarr.tv\/en\/wp-json\/wp\/v2\/tags?post=121637"}],"curies":[{"name":"wp","href":"https:\/\/api.w.org\/{rel}","templated":true}]}}