{"id":121648,"date":"2020-02-10T11:10:10","date_gmt":"2020-02-10T10:10:10","guid":{"rendered":"https:\/\/zjarr.tv\/?p=121648"},"modified":"2020-02-10T11:10:10","modified_gmt":"2020-02-10T10:10:10","slug":"pocem-27-muaj-pa-marre-rrogat-punonjesit-e-nenstacionit-elektrik-ndermarrin-aktin-ekstrem","status":"publish","type":"post","link":"https:\/\/zjarr.tv\/en\/pocem-27-muaj-pa-marre-rrogat-punonjesit-e-nenstacionit-elektrik-ndermarrin-aktin-ekstrem\/","title":{"rendered":"Po\u00e7em, 27 muaj pa marr\u00eb rrogat: Punonj\u00ebsit e n\u00ebnstacionit elektrik nd\u00ebrmarrin aktin ekstrem"},"content":{"rendered":"<p>Punonj\u00ebsit e n\u00ebnstacionit elektrik t\u00eb Po\u00e7emit kan\u00eb dal\u00eb sot n\u00eb nj\u00eb protest\u00eb. Ata thon\u00eb se nuk kan\u00eb marr\u00eb pagat prej 27 muajsh dhe se nuk e din\u00eb p\u00ebr k\u00eb punojn\u00eb pasi u \u00ebsht\u00eb nd\u00ebrprer\u00eb kontrata me kompanin\u00eb n\u00eb 31 dhjetor.<\/p>\n<p>Ata deklarojn\u00eb se do t\u2019i d\u00ebrgojn\u00eb peticion kryeministrit, bashkis\u00eb dhe prefektetit p\u00ebr pagat e prapapbetura.<\/p>\n<p><em>\u2018\u2019Halli yn\u00eb u b\u00eb legjend\u00eb. Ne kerkojm\u00eb nj\u00eb zgjidhje nuk dim\u00eb ku t\u00eb drejtohemi. Do t\u00eb braktisim pun\u00ebn.<\/em><\/p>\n<p><em>\u00a0Kemi 27 muaj pa marr\u00eb pagat. Pse na g\u00ebnjen ku do han\u00eb f\u00ebmij\u00ebt tan\u00eb buk\u00eb. Nuk kemi m\u00eb lek t\u00eb marrim ila\u00e7et&#8221;<\/em>, shprehen disa nga punonj\u00ebsit.<\/p>","protected":false},"excerpt":{"rendered":"<p>Punonj\u00ebsit e n\u00ebnstacionit elektrik t\u00eb Po\u00e7emit kan\u00eb dal\u00eb sot n\u00eb nj\u00eb protest\u00eb. Ata thon\u00eb se nuk kan\u00eb marr\u00eb pagat prej 27 muajsh dhe se nuk e din\u00eb p\u00ebr k\u00eb punojn\u00eb pasi u \u00ebsht\u00eb nd\u00ebrprer\u00eb kontrata me kompanin\u00eb n\u00eb 31 dhjetor. Ata deklarojn\u00eb se do t\u2019i d\u00ebrgojn\u00eb peticion kryeministrit, bashkis\u00eb dhe prefektetit p\u00ebr pagat e prapapbetura. [&hellip;]<\/p>\n","protected":false},"author":2013,"featured_media":121649,"comment_status":"open","ping_status":"closed","sticky":false,"template":"","format":"standard","meta":{"footnotes":""},"categories":[241,235],"tags":[],"class_list":{"0":"post-121648","1":"post","2":"type-post","3":"status-publish","4":"format-standard","5":"has-post-thumbnail","7":"category-aktualitet","8":"category-vendi"},"_links":{"self":[{"href":"https:\/\/zjarr.tv\/en\/wp-json\/wp\/v2\/posts\/121648","targetHints":{"allow":["GET"]}}],"collection":[{"href":"https:\/\/zjarr.tv\/en\/wp-json\/wp\/v2\/posts"}],"about":[{"href":"https:\/\/zjarr.tv\/en\/wp-json\/wp\/v2\/types\/post"}],"author":[{"embeddable":true,"href":"https:\/\/zjarr.tv\/en\/wp-json\/wp\/v2\/users\/2013"}],"replies":[{"embeddable":true,"href":"https:\/\/zjarr.tv\/en\/wp-json\/wp\/v2\/comments?post=121648"}],"version-history":[{"count":0,"href":"https:\/\/zjarr.tv\/en\/wp-json\/wp\/v2\/posts\/121648\/revisions"}],"wp:featuredmedia":[{"embeddable":true,"href":"https:\/\/zjarr.tv\/en\/wp-json\/wp\/v2\/media\/121649"}],"wp:attachment":[{"href":"https:\/\/zjarr.tv\/en\/wp-json\/wp\/v2\/media?parent=121648"}],"wp:term":[{"taxonomy":"category","embeddable":true,"href":"https:\/\/zjarr.tv\/en\/wp-json\/wp\/v2\/categories?post=121648"},{"taxonomy":"post_tag","embeddable":true,"href":"https:\/\/zjarr.tv\/en\/wp-json\/wp\/v2\/tags?post=121648"}],"curies":[{"name":"wp","href":"https:\/\/api.w.org\/{rel}","templated":true}]}}