{"id":121654,"date":"2020-02-10T11:12:28","date_gmt":"2020-02-10T10:12:28","guid":{"rendered":"https:\/\/zjarr.tv\/?p=121654"},"modified":"2020-02-10T11:12:28","modified_gmt":"2020-02-10T10:12:28","slug":"albin-kurti-vizite-te-shpejte-ne-tirane-zbardhet-axhenda","status":"publish","type":"post","link":"https:\/\/zjarr.tv\/en\/albin-kurti-vizite-te-shpejte-ne-tirane-zbardhet-axhenda\/","title":{"rendered":"Albin Kurti vizit\u00eb t\u00eb shpejt\u00eb n\u00eb Tiran\u00eb, zbardhet axhenda"},"content":{"rendered":"<p>Nj\u00eb dit\u00eb para mb\u00ebrritjes n\u00eb vendin ton\u00eb, zbardhet axhenda e vizit\u00ebs s\u00eb kryeministrit t\u00eb Kosov\u00ebs, Albin Kurti n\u00eb Tiran\u00eb.<\/p>\n<p>N\u00eb vizit\u00ebn e tij t\u00eb par\u00eb si Kryeminist\u00ebr, por edhe jasht\u00eb Kosov\u00ebs, Kurti ka parashikuar takime me Ram\u00ebn, Ru\u00e7in, Met\u00ebn, Veliaj dhe Bash\u00ebn.<\/p>\n<p>Me Ram\u00ebn ai do t\u00eb ket\u00eb dhe nj\u00eb konferenc\u00eb t\u00eb p\u00ebrbashk\u00ebt p\u00ebr shtyp.<\/p>\n<p>Q\u00ebndrimi i tij do t\u00eb zgjas\u00eb nj\u00eb gjysm\u00eb dite. Nisja drejt Morin\u00ebs p\u00ebr kthimin n\u00eb Kosov\u00eb \u00ebsht\u00eb parashikuar n\u00eb 12.40.<\/p>\n<p>Vizita u paralajm\u00ebrua nga Kurti gjat\u00eb nj\u00eb interviste p\u00ebr Z\u00ebrin e Amerik\u00ebs.<\/p>\n<p><strong>Albin Kurti:<\/strong><em>\u00a0Un\u00eb synoj q\u00eb jav\u00ebn e ardhshme t\u00eb vizitoj Tiran\u00ebn dhe t\u00eb zhvilloj takime me lider\u00ebt institucional atje, me kryeministrin Rama, me presidentin Meta, me kryeparlamentarin Ru\u00e7i, me kryetarin e opozit\u00ebs Basha dhe n\u00eb k\u00ebt\u00eb m\u00ebnyr\u00eb t\u2019i diskutojm\u00eb s\u00eb bashku k\u00ebto \u00e7\u00ebshtje. Un\u00eb nuk jam kund\u00ebr iniciativave p\u00ebr bashk\u00ebpunim rajonal, mir\u00ebpo aty duhet t\u00eb jet\u00eb parimi i reciprocitetit dhe p\u00ebrderisa Republika e Shqip\u00ebris\u00eb i njeh m\u00eb mir\u00eb fqinj\u00ebt tan\u00eb jugor dhe per\u00ebndimor, \u00ebsht\u00eb Republika e Kosov\u00ebs ajo q\u00eb i njeh m\u00eb mir\u00eb fqinj\u00ebt tan\u00eb lindor dhe verior\u00eb dhe n\u00eb k\u00ebt\u00eb aspekt ne mund t\u00eb jemi komplementar.<\/em><\/p>","protected":false},"excerpt":{"rendered":"<p>Nj\u00eb dit\u00eb para mb\u00ebrritjes n\u00eb vendin ton\u00eb, zbardhet axhenda e vizit\u00ebs s\u00eb kryeministrit t\u00eb Kosov\u00ebs, Albin Kurti n\u00eb Tiran\u00eb. N\u00eb vizit\u00ebn e tij t\u00eb par\u00eb si Kryeminist\u00ebr, por edhe jasht\u00eb Kosov\u00ebs, Kurti ka parashikuar takime me Ram\u00ebn, Ru\u00e7in, Met\u00ebn, Veliaj dhe Bash\u00ebn. Me Ram\u00ebn ai do t\u00eb ket\u00eb dhe nj\u00eb konferenc\u00eb t\u00eb p\u00ebrbashk\u00ebt p\u00ebr shtyp. [&hellip;]<\/p>\n","protected":false},"author":2013,"featured_media":121494,"comment_status":"open","ping_status":"closed","sticky":false,"template":"","format":"standard","meta":{"footnotes":""},"categories":[241,235],"tags":[],"class_list":{"0":"post-121654","1":"post","2":"type-post","3":"status-publish","4":"format-standard","5":"has-post-thumbnail","7":"category-aktualitet","8":"category-vendi"},"_links":{"self":[{"href":"https:\/\/zjarr.tv\/en\/wp-json\/wp\/v2\/posts\/121654","targetHints":{"allow":["GET"]}}],"collection":[{"href":"https:\/\/zjarr.tv\/en\/wp-json\/wp\/v2\/posts"}],"about":[{"href":"https:\/\/zjarr.tv\/en\/wp-json\/wp\/v2\/types\/post"}],"author":[{"embeddable":true,"href":"https:\/\/zjarr.tv\/en\/wp-json\/wp\/v2\/users\/2013"}],"replies":[{"embeddable":true,"href":"https:\/\/zjarr.tv\/en\/wp-json\/wp\/v2\/comments?post=121654"}],"version-history":[{"count":0,"href":"https:\/\/zjarr.tv\/en\/wp-json\/wp\/v2\/posts\/121654\/revisions"}],"wp:featuredmedia":[{"embeddable":true,"href":"https:\/\/zjarr.tv\/en\/wp-json\/wp\/v2\/media\/121494"}],"wp:attachment":[{"href":"https:\/\/zjarr.tv\/en\/wp-json\/wp\/v2\/media?parent=121654"}],"wp:term":[{"taxonomy":"category","embeddable":true,"href":"https:\/\/zjarr.tv\/en\/wp-json\/wp\/v2\/categories?post=121654"},{"taxonomy":"post_tag","embeddable":true,"href":"https:\/\/zjarr.tv\/en\/wp-json\/wp\/v2\/tags?post=121654"}],"curies":[{"name":"wp","href":"https:\/\/api.w.org\/{rel}","templated":true}]}}