{"id":121670,"date":"2020-02-10T11:20:39","date_gmt":"2020-02-10T10:20:39","guid":{"rendered":"https:\/\/zjarr.tv\/?p=121670"},"modified":"2020-02-10T11:20:39","modified_gmt":"2020-02-10T10:20:39","slug":"ofl-edhe-dy-te-tjere-ne-listen-e-policise-per-pasurine","status":"publish","type":"post","link":"https:\/\/zjarr.tv\/en\/ofl-edhe-dy-te-tjere-ne-listen-e-policise-per-pasurine\/","title":{"rendered":"OFL\/ Edhe dy t\u00eb tjer\u00eb n\u00eb list\u00ebn e policis\u00eb p\u00ebr pasurin\u00eb"},"content":{"rendered":"<div class=\"readmore-text-here\">\n<p>Dy t\u00eb d\u00ebnuar t\u00eb tjer\u00eb n\u00eb vende t\u00eb ndryshme t\u00eb BE-s\u00eb jan\u00eb subjekti i sot\u00ebm i OFL-s\u00eb.Policia ka b\u00ebr\u00eb t\u00eb ditur se u ka k\u00ebrkuar dy personazheve t\u00eb tjer\u00eb t\u00eb deklarojn\u00eb pasurin\u00eb brenda 48 or\u00ebsh.<\/p>\n<p>Njoftimi i Policis\u00eb:<\/p>\n<p>N\u00eb kuad\u00ebr t\u00eb zbatimit t\u00eb Ligjit Special p\u00ebr masat pasurore ndaj individ\u00ebve t\u00eb d\u00ebnuar apo akuzuar p\u00ebr krim t\u00eb organizuar apo krime t\u00eb r\u00ebnda, OFL i ka nisur k\u00ebrkesat me shkrim p\u00ebr vet\u00ebdeklarimin e burimeve t\u00eb pasuris\u00eb, shtetasve:<\/p>\n<p>&#8211; A. K., banues n\u00eb Durr\u00ebs, i d\u00ebnuar\u00a0 n\u00eb Gjermani p\u00ebr vepra penale n\u00eb fush\u00ebn e narkotik\u00ebve;<\/p>\n<p>&#8211; B. P., banues n\u00eb Koplik, Shkod\u00ebr, i d\u00ebnuar n\u00eb Belgjik\u00eb p\u00ebr trafik t\u00eb qenieve njer\u00ebzore;<\/p>\n<p>K\u00ebta individ\u00eb, si subjekt i Ligjit Special, duhet t\u2019u p\u00ebrgjigjen me shkrim, brenda 48 or\u00ebsh, t\u00eb gjitha pyetjeve t\u00eb OFL-s\u00eb.<\/p>\n<p>M\u00eb pas, p\u00ebrgjigjet e marra do t\u2019i d\u00ebrgohen SPAK-ut, i cili brenda jo m\u00eb shum\u00eb se 15 dit\u00ebsh, duhet t\u00eb vler\u00ebsoj\u00eb dosjen e p\u00ebrgatitur nga OFL-ja mbi aktivitetin kriminal t\u00eb k\u00ebtyre subjekteve, si edhe pasurin\u00eb e tyre. Sapo t\u00eb b\u00ebj\u00eb k\u00ebt\u00eb vler\u00ebsim, SPAK-u duhet t\u2019i k\u00ebrkoj\u00eb Gjykat\u00ebs Speciale mas\u00ebn e sekuestrimit p\u00ebr pasurit\u00eb e subjekteve dhe pas sekuestrimit dhe n\u00eb jo m\u00eb shum\u00eb se 6 muaj Gjykata Speciale duhet t\u00eb vendos\u00eb p\u00ebr konfiskimin p\u00ebrfundimtar t\u00eb tyre.<\/p>\n<p>Theksojm\u00eb se t\u00eb gjith\u00eb personat q\u00eb iu \u00ebsht\u00eb d\u00ebrguar k\u00ebrkesa me shkrim p\u00ebr vet\u00ebdeklarimin e burimeve\u00a0 t\u00eb pasuris\u00eb, i kan\u00eb plot\u00ebsuar formular\u00ebt dhe i kan\u00eb\u00a0 dor\u00ebzuar t\u00eb gjith\u00eb pran\u00eb OFL-s\u00eb, e cila ka vijuar me procedurat sipas p\u00ebrcaktimit n\u00eb aktin normativ\u00a0 nr. 1 , t\u00eb dat\u00ebs 31 janar 2020.<\/p>\n<p>OFL do t\u00eb informoj\u00eb publikun n\u00eb vijim\u00ebsi p\u00ebr t\u00eb gjitha nismat procedurale dhe operacionet ekzekutive q\u00eb do t\u00eb kryej\u00eb.<\/p>\n<\/div>\n<div id=\"rekl-33\"><\/div>","protected":false},"excerpt":{"rendered":"<p>Dy t\u00eb d\u00ebnuar t\u00eb tjer\u00eb n\u00eb vende t\u00eb ndryshme t\u00eb BE-s\u00eb jan\u00eb subjekti i sot\u00ebm i OFL-s\u00eb.Policia ka b\u00ebr\u00eb t\u00eb ditur se u ka k\u00ebrkuar dy personazheve t\u00eb tjer\u00eb t\u00eb deklarojn\u00eb pasurin\u00eb brenda 48 or\u00ebsh. Njoftimi i Policis\u00eb: N\u00eb kuad\u00ebr t\u00eb zbatimit t\u00eb Ligjit Special p\u00ebr masat pasurore ndaj individ\u00ebve t\u00eb d\u00ebnuar apo akuzuar p\u00ebr [&hellip;]<\/p>\n","protected":false},"author":2013,"featured_media":38161,"comment_status":"open","ping_status":"closed","sticky":false,"template":"","format":"standard","meta":{"footnotes":""},"categories":[241,235],"tags":[],"class_list":{"0":"post-121670","1":"post","2":"type-post","3":"status-publish","4":"format-standard","5":"has-post-thumbnail","7":"category-aktualitet","8":"category-vendi"},"_links":{"self":[{"href":"https:\/\/zjarr.tv\/en\/wp-json\/wp\/v2\/posts\/121670","targetHints":{"allow":["GET"]}}],"collection":[{"href":"https:\/\/zjarr.tv\/en\/wp-json\/wp\/v2\/posts"}],"about":[{"href":"https:\/\/zjarr.tv\/en\/wp-json\/wp\/v2\/types\/post"}],"author":[{"embeddable":true,"href":"https:\/\/zjarr.tv\/en\/wp-json\/wp\/v2\/users\/2013"}],"replies":[{"embeddable":true,"href":"https:\/\/zjarr.tv\/en\/wp-json\/wp\/v2\/comments?post=121670"}],"version-history":[{"count":0,"href":"https:\/\/zjarr.tv\/en\/wp-json\/wp\/v2\/posts\/121670\/revisions"}],"wp:featuredmedia":[{"embeddable":true,"href":"https:\/\/zjarr.tv\/en\/wp-json\/wp\/v2\/media\/38161"}],"wp:attachment":[{"href":"https:\/\/zjarr.tv\/en\/wp-json\/wp\/v2\/media?parent=121670"}],"wp:term":[{"taxonomy":"category","embeddable":true,"href":"https:\/\/zjarr.tv\/en\/wp-json\/wp\/v2\/categories?post=121670"},{"taxonomy":"post_tag","embeddable":true,"href":"https:\/\/zjarr.tv\/en\/wp-json\/wp\/v2\/tags?post=121670"}],"curies":[{"name":"wp","href":"https:\/\/api.w.org\/{rel}","templated":true}]}}