{"id":121692,"date":"2020-02-10T14:16:41","date_gmt":"2020-02-10T13:16:41","guid":{"rendered":"https:\/\/zjarr.tv\/?p=121692"},"modified":"2020-02-10T14:16:41","modified_gmt":"2020-02-10T13:16:41","slug":"soreca-be-mund-te-pezulloje-negociatat-nese-ka-hapa-pas","status":"publish","type":"post","link":"https:\/\/zjarr.tv\/en\/soreca-be-mund-te-pezulloje-negociatat-nese-ka-hapa-pas\/","title":{"rendered":"Soreca: BE mund t\u00eb pezulloj\u00eb negociatat n\u00ebse ka hapa pas"},"content":{"rendered":"<p>Ambasadori i BE n\u00eb vendin ton\u00eb Luigi Soreca ka dal\u00eb dit\u00ebn e sotme nj\u00eb konferenc\u00eb p\u00ebr shtyp. Gjat\u00eb fjal\u00ebs s\u00eb tij Soreca p\u00ebrmendi edhe metodologjin\u00eb e re t\u00eb zgjerimit t\u00eb BE. Kjo metodologji u prezantua jav\u00ebn e shkuar nga Komisioni Europian. Soreca u shpreh i keqardhur p\u00ebr faktin samiti i Komisionit Europian n\u00eb tetor nuk solli \u00e7eljen e negociatave. Ai tha se n\u00ebp\u00ebrmjet metodologjis\u00eb s\u00eb re t\u00eb zgjerimit duhet t\u00eb rikrijohet besimi mes BE dhe Ballkanit Per\u00ebndimor.<\/p>\n<p><strong>Luigi Soreca:<\/strong>\u00a0<em>\u2018\u2019T\u00eb gjith\u00eb ne e dim\u00eb q\u00eb samiti i Komisionit Europian n\u00eb tetor nuk solli \u00e7eljen e negociatave. KE \u00ebsht\u00eb p\u00ebrpjekur t\u00eb kuptoj\u00eb pse ka ndodhur kjo, t\u00eb gjej\u00eb shkaqet dhe procesi t\u00eb jete m\u00eb i parashikuesh\u00ebm. N\u00ebp\u00ebrmjet k\u00ebsaj metodologjie ne duhet t\u00eb rikrijojm\u00eb besimin mes BE dhe Ballkanit Per\u00ebndimor. Me an\u00ebn e metodologjis\u00eb s\u00eb re, udh\u00ebheqesit e BE do keni 1 debat n\u00eb vit per ecurin\u00eb e vendeve t\u00eb Ballkanit Per\u00ebndimor.&#8221;<\/em><\/p>\n<p>Sipas Sorec\u00ebs metodologjia e re do e b\u00ebje procesin m\u00eb t\u00eb parashikuesh\u00ebm.<\/p>\n<p><strong>Luigi Soreca:\u00a0<\/strong><em>\u2018\u2019Element tjet\u00ebr i r\u00ebnd\u00ebsish\u00ebm \u00ebsht\u00eb q\u00eb BE do perfshij\u00eb me shum\u00eb shtetet an\u00ebtare me monitorimin e ecuris\u00eb dhe procesi do jet\u00eb m\u00eb i parashikueshem. Ne do t\u00eb shikojm\u00eb t\u00eb gjitha detajet, kriterte dhe kushtet qe \u00e7do aspirant duhet t\u00eb permbush\u00eb. Procesi do jet\u00eb m\u00eb dinamik, do krijohen kapituj t\u00eb ndrysh\u00ebm.&#8221;<\/em><\/p>\n<p>Soreca gjithashtu deklaroi se BE mund t\u00eb pezulloj\u00eb negociatat n\u00ebse do t\u00eb ket\u00eb hapa pas.<\/p>\n<p><strong>Luigi Soreca:\u00a0<\/strong><em>\u2018\u2019\u00cbsht\u00eb b\u00ebr\u00eb nj\u00eb thirrje q\u00eb shetet anetar\u00eb ta kthejne pas procesit e negocimit ne rast se do kete hapa pas. Pra BE do mund te pezulloje negociatat n\u00ebse kjo do jet\u00eb e nevojshme.<\/em><\/p>\n<p><em>Metodologjia e re i p\u00ebrmbush t\u00eb gjitha k\u00ebrkesat e t\u00eb gjitha shteteve an\u00ebtare, sidomos atyre q\u00eb ishin skeptike p\u00ebr \u00e7eljen e negociatave.\u2019\u2019<\/em><\/p>\n<p>I pyetur rreth paket\u00ebs anti-K\u00c7K, Soreca u shpreh se ky ligj tregon gatishm\u00ebri politike por zbatimi i tij \u00ebsht\u00eb shum\u00eb i r\u00ebnd\u00ebsish\u00ebm.<\/p>\n<p><strong>Luigi Soreca:<\/strong>\u00a0<em>\u2018\u2019Mendoj ky ligj tregon gatishm\u00ebri politike per te trajtuar poblemin por zbatimi i tij \u00ebsht\u00eb shum\u00eb i r\u00ebnd\u00ebsish\u00ebm.\u00a0<\/em><em>Ky zbatim duhet b\u00ebr\u00eb duke zbatuar dy kushte.<\/em><\/p>\n<p><em>E para \u00ebsht\u00eb q\u00eb duhet t\u00eb respektohen plot\u00ebsisht t\u00eb drejtat themelore t\u00eb t\u00eb akuzuarve dhe e dyta ka t\u00eb b\u00ebj\u00eb me drejtimin e k\u00ebtij operacioni.<\/em><\/p>\n<p><em>SPAK duhet t\u00eb konfirmoj\u00eb veprimet e nd\u00ebrmarra nga policia dhe t\u2019i kaloj\u00eb dosjen gjykat\u00ebs. Ne jemi duke e monitoruar k\u00ebt\u00eb proces.\u2019\u2019<\/em><\/p>","protected":false},"excerpt":{"rendered":"<p>Ambasadori i BE n\u00eb vendin ton\u00eb Luigi Soreca ka dal\u00eb dit\u00ebn e sotme nj\u00eb konferenc\u00eb p\u00ebr shtyp. Gjat\u00eb fjal\u00ebs s\u00eb tij Soreca p\u00ebrmendi edhe metodologjin\u00eb e re t\u00eb zgjerimit t\u00eb BE. Kjo metodologji u prezantua jav\u00ebn e shkuar nga Komisioni Europian. Soreca u shpreh i keqardhur p\u00ebr faktin samiti i Komisionit Europian n\u00eb tetor nuk [&hellip;]<\/p>\n","protected":false},"author":2013,"featured_media":91029,"comment_status":"open","ping_status":"closed","sticky":false,"template":"","format":"standard","meta":{"footnotes":""},"categories":[241,235],"tags":[],"class_list":{"0":"post-121692","1":"post","2":"type-post","3":"status-publish","4":"format-standard","5":"has-post-thumbnail","7":"category-aktualitet","8":"category-vendi"},"_links":{"self":[{"href":"https:\/\/zjarr.tv\/en\/wp-json\/wp\/v2\/posts\/121692","targetHints":{"allow":["GET"]}}],"collection":[{"href":"https:\/\/zjarr.tv\/en\/wp-json\/wp\/v2\/posts"}],"about":[{"href":"https:\/\/zjarr.tv\/en\/wp-json\/wp\/v2\/types\/post"}],"author":[{"embeddable":true,"href":"https:\/\/zjarr.tv\/en\/wp-json\/wp\/v2\/users\/2013"}],"replies":[{"embeddable":true,"href":"https:\/\/zjarr.tv\/en\/wp-json\/wp\/v2\/comments?post=121692"}],"version-history":[{"count":0,"href":"https:\/\/zjarr.tv\/en\/wp-json\/wp\/v2\/posts\/121692\/revisions"}],"wp:featuredmedia":[{"embeddable":true,"href":"https:\/\/zjarr.tv\/en\/wp-json\/wp\/v2\/media\/91029"}],"wp:attachment":[{"href":"https:\/\/zjarr.tv\/en\/wp-json\/wp\/v2\/media?parent=121692"}],"wp:term":[{"taxonomy":"category","embeddable":true,"href":"https:\/\/zjarr.tv\/en\/wp-json\/wp\/v2\/categories?post=121692"},{"taxonomy":"post_tag","embeddable":true,"href":"https:\/\/zjarr.tv\/en\/wp-json\/wp\/v2\/tags?post=121692"}],"curies":[{"name":"wp","href":"https:\/\/api.w.org\/{rel}","templated":true}]}}