{"id":121708,"date":"2020-02-10T14:54:20","date_gmt":"2020-02-10T13:54:20","guid":{"rendered":"https:\/\/zjarr.tv\/?p=121708"},"modified":"2020-02-10T14:54:35","modified_gmt":"2020-02-10T13:54:35","slug":"spahia-i-pergjigjet-manastirliut-nuk-menaxhoni-dot-situaten-e-gripit-stinor","status":"publish","type":"post","link":"https:\/\/zjarr.tv\/en\/spahia-i-pergjigjet-manastirliut-nuk-menaxhoni-dot-situaten-e-gripit-stinor\/","title":{"rendered":"Spahia i p\u00ebrgjigjet Manastirliut: Nuk menaxhoni dot situat\u00ebn e gripit stinor"},"content":{"rendered":"<p>Ish- deputeti i PD Bardh Spahia ka reaguar pas raportimit t\u00eb ministres Manastirliu sot n\u00eb Komisionin e \u00e7\u00ebshtjeve Sociale dhe t\u00eb Sh\u00ebndet\u00ebsis\u00eb mbi gripin dhe koronavirusin.<\/p>\n<p>Spahia thot\u00eb se ministrja nuk po ndjek udh\u00ebzimet e OBSH si\u00e7 deklaroi n\u00eb komision por urdh\u00ebrat e nj\u00eb vizioni shkat\u00ebrrues t\u00eb sh\u00ebndet\u00ebsis\u00eb.<br \/>\nAi shton se gripi stinor nuk po menaxhohet dhe se ka publikuar disa foto nga radh\u00ebt e gjata dhe kushtet e k\u00ebqija t\u00eb pediatris\u00eb, nd\u00ebrkoh\u00eb Manastriliu tha se ishin marr\u00eb t\u00eb gjitha masat.<\/p>\n<div class=\"galery-slider\">\n<p><a href=\"https:\/\/www.balkanweb.com\/wp-content\/uploads\/2020\/02\/bnmm.jpg\" rel=\"lightbox\"><img decoding=\"async\" draggable=\"false\" src=\"https:\/\/www.balkanweb.com\/wp-content\/uploads\/2020\/02\/bnmm.jpg\" alt=\"foto galeri \" \/><\/a><\/p>\n<ul class=\"slides\">\n<li class=\"flex-slider-item\" data-thumb-alt=\"\"><a href=\"https:\/\/www.balkanweb.com\/wp-content\/uploads\/2020\/02\/ertt.jpg\" rel=\"lightbox\"><img decoding=\"async\" draggable=\"false\" src=\"https:\/\/www.balkanweb.com\/wp-content\/uploads\/2020\/02\/ertt.jpg\" alt=\"foto galeri \" \/><\/a><\/li>\n<li class=\"flex-slider-item\" data-thumb-alt=\"\"><a href=\"https:\/\/www.balkanweb.com\/wp-content\/uploads\/2020\/02\/uioupp.jpg\" rel=\"lightbox\"><img decoding=\"async\" draggable=\"false\" src=\"https:\/\/www.balkanweb.com\/wp-content\/uploads\/2020\/02\/uioupp.jpg\" alt=\"foto galeri \" \/><\/a><\/li>\n<li class=\"flex-slider-item\" data-thumb-alt=\"\"><a href=\"https:\/\/www.balkanweb.com\/wp-content\/uploads\/2020\/02\/yuoy.jpg\" rel=\"lightbox\"><img decoding=\"async\" draggable=\"false\" src=\"https:\/\/www.balkanweb.com\/wp-content\/uploads\/2020\/02\/yuoy.jpg\" alt=\"foto galeri \" \/><\/a><\/li>\n<\/ul>\n<\/div>\n<p><strong>STATUSI I BARDH SPAHIS\u00cb<\/strong><\/p>\n<p>SITUATE E MJERE TEK PEDIATRIA \u2013 OGERTA RECITON PERPARA KAMERAVE.<\/p>\n<p>Kjo ishte situata dje tek pediatria e QSUT\u2026Fluksi ne rritje i prind\u00ebrve me f\u00ebmij\u00eb t\u00eb s\u00ebmur\u00eb vijon. Se bashku me femijet ata presin me or\u00eb madje madje edhe n\u00eb oborrin e spitalit. Ne keto kushte presin dhe ata femije qe kane nevoje per ndihmen urgjente. Eshte skandaloze situate me te cilen perballen keta femije dhe prinderit e tyre te pafuqishem perballe ketij skandali. Skandal te cilit ministrja e shendetesise i\u00a0<span class=\"text_exposed_show\">pergjigjet me papergjegjshmeri dhe propagande bajate. E turpshme maskarada e d\u00ebgjes\u00ebs s\u00eb saj sot n\u00eb komisionin e sh\u00ebndet\u00ebsis\u00eb, t\u00eb mbledhur p\u00ebr t\u2019i b\u00ebr\u00eb lavde nj\u00ebri-tjetrit. Qershia mbi tort\u00eb, shqet\u00ebsimi i kryetarit t\u00eb komisionit p\u00ebr makin\u00ebn e vitit 1978 n\u00eb ISHP. Askush nuk di te thote si do ndihmohen keta femije ne nevoje nderkohe qe pergjegjesit per kete situate tallen paturpesisht ne mbledhjen e radhes qe u ka caktuar propaganda.<br \/>\nSi mund t\u00eb vet\u00eblavd\u00ebrohesh, kur nuk menaxhon dot situat\u00ebn e gripit t\u00eb stin\u00ebs, kur gjith\u00eb bota \u00ebsht\u00eb n\u00eb alert maksimal p\u00ebr shkak t\u00eb Koronavirusit? As f\u00ebmij\u00ebt nuk jan\u00eb arsye, m\u00eb s\u00eb paku p\u00ebr t\u00eb heshtur, e jo p\u00ebr t\u00eb shfrenuar delirin? Cfar\u00eb masash jan\u00eb marr\u00eb p\u00ebr koronavirusin e ri, kur ende nuk ekzistojn\u00eb hap\u00ebsirat p\u00ebr karantin\u00eb, apo ju quani karantin\u00eb, dy dyshek\u00eb ne nj\u00eb kolibe? Si mund t\u00eb flisni p\u00ebr masa, kur personeli mjek\u00ebsor p\u00ebrballet me t\u00eb s\u00ebmur\u00ebt vet\u00ebm me uniform\u00ebn e bardhe e me maska t\u00eb thjeshta kirurgjikale? P\u00ebrse i shisni si risi e k\u00ebtij viti, kat\u00ebr qendrat n\u00eb Tiran\u00eb ku ofrohen vizita pediatrike? Pse si \u00ebsht\u00eb vepruar vitet e tjera me gripin e stin\u00ebs? Kushdo ka shkuar atje e denoncon at\u00eb sh\u00ebrbim minimalist, ju zonj\u00eb nuk keni shkuar ose pastaj g\u00ebnjeshtr\u00ebn e keni pjes\u00eb t\u00eb karakterit, e ka par\u00eb se ka sh\u00ebrbim t\u00eb p\u00ebrgjysmuar, me vet\u00ebm 1 mjek pediat\u00ebr e 1 infermiere e pa dhoma p\u00ebr perfuzione, kur n\u00eb fakt k\u00ebto qendra supozohet t\u00eb jen\u00eb funksionale prej vitesh?<br \/>\nKu jan\u00eb bokset speciale izoluese p\u00ebr t\u00eb s\u00ebmur\u00ebt q\u00eb mund t\u00eb paraqiten? E turpshme zonja ministre q\u00eb n\u00eb funksionin ku jeni, zgjidhni vet\u00ebm t\u00eb zbatoni urdh\u00ebra e nj\u00eb vizion shkat\u00ebrrues p\u00ebr sh\u00ebndet\u00ebsis\u00eb e aspak udh\u00ebzimet e OBSH, sic pretendoni, pa ju dridhur qerpiku t\u00eb thoni nj\u00eb t\u00eb pav\u00ebrtet\u00eb t\u00eb madhe. Nje e pavertete qe sot nuk mund te fshihet me propagande!<\/span><\/p>","protected":false},"excerpt":{"rendered":"<p>Ish- deputeti i PD Bardh Spahia ka reaguar pas raportimit t\u00eb ministres Manastirliu sot n\u00eb Komisionin e \u00e7\u00ebshtjeve Sociale dhe t\u00eb Sh\u00ebndet\u00ebsis\u00eb mbi gripin dhe koronavirusin. Spahia thot\u00eb se ministrja nuk po ndjek udh\u00ebzimet e OBSH si\u00e7 deklaroi n\u00eb komision por urdh\u00ebrat e nj\u00eb vizioni shkat\u00ebrrues t\u00eb sh\u00ebndet\u00ebsis\u00eb. Ai shton se gripi stinor nuk po [&hellip;]<\/p>\n","protected":false},"author":2013,"featured_media":65506,"comment_status":"open","ping_status":"closed","sticky":false,"template":"","format":"standard","meta":{"footnotes":""},"categories":[241,235],"tags":[],"class_list":{"0":"post-121708","1":"post","2":"type-post","3":"status-publish","4":"format-standard","5":"has-post-thumbnail","7":"category-aktualitet","8":"category-vendi"},"_links":{"self":[{"href":"https:\/\/zjarr.tv\/en\/wp-json\/wp\/v2\/posts\/121708","targetHints":{"allow":["GET"]}}],"collection":[{"href":"https:\/\/zjarr.tv\/en\/wp-json\/wp\/v2\/posts"}],"about":[{"href":"https:\/\/zjarr.tv\/en\/wp-json\/wp\/v2\/types\/post"}],"author":[{"embeddable":true,"href":"https:\/\/zjarr.tv\/en\/wp-json\/wp\/v2\/users\/2013"}],"replies":[{"embeddable":true,"href":"https:\/\/zjarr.tv\/en\/wp-json\/wp\/v2\/comments?post=121708"}],"version-history":[{"count":0,"href":"https:\/\/zjarr.tv\/en\/wp-json\/wp\/v2\/posts\/121708\/revisions"}],"wp:featuredmedia":[{"embeddable":true,"href":"https:\/\/zjarr.tv\/en\/wp-json\/wp\/v2\/media\/65506"}],"wp:attachment":[{"href":"https:\/\/zjarr.tv\/en\/wp-json\/wp\/v2\/media?parent=121708"}],"wp:term":[{"taxonomy":"category","embeddable":true,"href":"https:\/\/zjarr.tv\/en\/wp-json\/wp\/v2\/categories?post=121708"},{"taxonomy":"post_tag","embeddable":true,"href":"https:\/\/zjarr.tv\/en\/wp-json\/wp\/v2\/tags?post=121708"}],"curies":[{"name":"wp","href":"https:\/\/api.w.org\/{rel}","templated":true}]}}