{"id":121716,"date":"2020-02-10T15:05:03","date_gmt":"2020-02-10T14:05:03","guid":{"rendered":"https:\/\/zjarr.tv\/?p=121716"},"modified":"2020-02-10T15:05:03","modified_gmt":"2020-02-10T14:05:03","slug":"rama-frikesohet-per-jeten-le-benzin-per-nje-makine-te-blinduar","status":"publish","type":"post","link":"https:\/\/zjarr.tv\/en\/rama-frikesohet-per-jeten-le-benzin-per-nje-makine-te-blinduar\/","title":{"rendered":"Rama frik\u00ebsohet p\u00ebr jet\u00ebn, l\u00eb Benzin p\u00ebr nj\u00eb makin\u00eb t\u00eb blinduar"},"content":{"rendered":"<p>Pas arrestimit t\u00eb Vladimir Gjut\u00ebs, 10 minuta para se t\u00eb mbaronte mbledhja e Kryesis\u00eb n\u00eb Partin\u00eb Socialiste, ka b\u00ebr\u00eb q\u00eb Garda t\u00eb rriste sigurin\u00eb e kryeministrit Edi Rama. kryeministri Rama fillimisht ka ardhur me makin\u00ebn e tij \u2018Benz\u2019, nd\u00ebrsa m\u00eb pas \u00ebsht\u00eb larguar p\u00ebr \u00e7\u00ebshtje sigurie me makin\u00ebn \u201cLincoln\u201d e cila \u00ebsht\u00eb e blinduar.<\/p>","protected":false},"excerpt":{"rendered":"<p>Pas arrestimit t\u00eb Vladimir Gjut\u00ebs, 10 minuta para se t\u00eb mbaronte mbledhja e Kryesis\u00eb n\u00eb Partin\u00eb Socialiste, ka b\u00ebr\u00eb q\u00eb Garda t\u00eb rriste sigurin\u00eb e kryeministrit Edi Rama. kryeministri Rama fillimisht ka ardhur me makin\u00ebn e tij \u2018Benz\u2019, nd\u00ebrsa m\u00eb pas \u00ebsht\u00eb larguar p\u00ebr \u00e7\u00ebshtje sigurie me makin\u00ebn \u201cLincoln\u201d e cila \u00ebsht\u00eb e blinduar.<\/p>","protected":false},"author":2013,"featured_media":121718,"comment_status":"open","ping_status":"closed","sticky":false,"template":"","format":"standard","meta":{"footnotes":""},"categories":[241],"tags":[],"class_list":{"0":"post-121716","1":"post","2":"type-post","3":"status-publish","4":"format-standard","5":"has-post-thumbnail","7":"category-aktualitet"},"_links":{"self":[{"href":"https:\/\/zjarr.tv\/en\/wp-json\/wp\/v2\/posts\/121716","targetHints":{"allow":["GET"]}}],"collection":[{"href":"https:\/\/zjarr.tv\/en\/wp-json\/wp\/v2\/posts"}],"about":[{"href":"https:\/\/zjarr.tv\/en\/wp-json\/wp\/v2\/types\/post"}],"author":[{"embeddable":true,"href":"https:\/\/zjarr.tv\/en\/wp-json\/wp\/v2\/users\/2013"}],"replies":[{"embeddable":true,"href":"https:\/\/zjarr.tv\/en\/wp-json\/wp\/v2\/comments?post=121716"}],"version-history":[{"count":0,"href":"https:\/\/zjarr.tv\/en\/wp-json\/wp\/v2\/posts\/121716\/revisions"}],"wp:featuredmedia":[{"embeddable":true,"href":"https:\/\/zjarr.tv\/en\/wp-json\/wp\/v2\/media\/121718"}],"wp:attachment":[{"href":"https:\/\/zjarr.tv\/en\/wp-json\/wp\/v2\/media?parent=121716"}],"wp:term":[{"taxonomy":"category","embeddable":true,"href":"https:\/\/zjarr.tv\/en\/wp-json\/wp\/v2\/categories?post=121716"},{"taxonomy":"post_tag","embeddable":true,"href":"https:\/\/zjarr.tv\/en\/wp-json\/wp\/v2\/tags?post=121716"}],"curies":[{"name":"wp","href":"https:\/\/api.w.org\/{rel}","templated":true}]}}