{"id":121720,"date":"2020-02-10T15:12:38","date_gmt":"2020-02-10T14:12:38","guid":{"rendered":"https:\/\/zjarr.tv\/?p=121720"},"modified":"2020-02-10T15:12:38","modified_gmt":"2020-02-10T14:12:38","slug":"ndryshon-struktura-e-prokurorise-se-pergjithshme-ja-drejtorite","status":"publish","type":"post","link":"https:\/\/zjarr.tv\/en\/ndryshon-struktura-e-prokurorise-se-pergjithshme-ja-drejtorite\/","title":{"rendered":"Ndryshon struktura e Prokuroris\u00eb s\u00eb P\u00ebrgjithshme, ja drejtorit\u00eb"},"content":{"rendered":"<p>Ndryshon struktura e Prokuroris\u00eb s\u00eb P\u00ebrgjithshme, ky institution \u00ebsht\u00eb ndar\u00eb n\u00eb 3 drejtori Drejtoria Gjyq\u00ebsore e drejtuar nga Adnan Xholi, Drejtoria e Marr\u00ebdh\u00ebnieve Juridiksionale me Jasht\u00eb, Olsi Dado Drejtoria e Koordinimit Institucional Sokol Stojani, e ndar\u00eb n\u00eb 3 sektor\u00eb<\/p>\n<p>Drejtoria e Koordinimit dhe Studimit drejtohet nga Kujtim Luli<\/p>\n<p>Sektori i Dekriminalizimit q\u00eb drejtohet nga Adnan Kosova, Sektori i Monitorimit, Arens \u00c7ela<\/p>\n<p>Sektori i p\u00ebrgjimeve q\u00eb drejtohet nga zv\/prokurori i P\u00ebrgjithsh\u00ebm, Thoma Jano<\/p>","protected":false},"excerpt":{"rendered":"<p>Ndryshon struktura e Prokuroris\u00eb s\u00eb P\u00ebrgjithshme, ky institution \u00ebsht\u00eb ndar\u00eb n\u00eb 3 drejtori Drejtoria Gjyq\u00ebsore e drejtuar nga Adnan Xholi, Drejtoria e Marr\u00ebdh\u00ebnieve Juridiksionale me Jasht\u00eb, Olsi Dado Drejtoria e Koordinimit Institucional Sokol Stojani, e ndar\u00eb n\u00eb 3 sektor\u00eb Drejtoria e Koordinimit dhe Studimit drejtohet nga Kujtim Luli Sektori i Dekriminalizimit q\u00eb drejtohet nga Adnan [&hellip;]<\/p>\n","protected":false},"author":2013,"featured_media":38161,"comment_status":"open","ping_status":"closed","sticky":false,"template":"","format":"standard","meta":{"footnotes":""},"categories":[241,235],"tags":[],"class_list":{"0":"post-121720","1":"post","2":"type-post","3":"status-publish","4":"format-standard","5":"has-post-thumbnail","7":"category-aktualitet","8":"category-vendi"},"_links":{"self":[{"href":"https:\/\/zjarr.tv\/en\/wp-json\/wp\/v2\/posts\/121720","targetHints":{"allow":["GET"]}}],"collection":[{"href":"https:\/\/zjarr.tv\/en\/wp-json\/wp\/v2\/posts"}],"about":[{"href":"https:\/\/zjarr.tv\/en\/wp-json\/wp\/v2\/types\/post"}],"author":[{"embeddable":true,"href":"https:\/\/zjarr.tv\/en\/wp-json\/wp\/v2\/users\/2013"}],"replies":[{"embeddable":true,"href":"https:\/\/zjarr.tv\/en\/wp-json\/wp\/v2\/comments?post=121720"}],"version-history":[{"count":0,"href":"https:\/\/zjarr.tv\/en\/wp-json\/wp\/v2\/posts\/121720\/revisions"}],"wp:featuredmedia":[{"embeddable":true,"href":"https:\/\/zjarr.tv\/en\/wp-json\/wp\/v2\/media\/38161"}],"wp:attachment":[{"href":"https:\/\/zjarr.tv\/en\/wp-json\/wp\/v2\/media?parent=121720"}],"wp:term":[{"taxonomy":"category","embeddable":true,"href":"https:\/\/zjarr.tv\/en\/wp-json\/wp\/v2\/categories?post=121720"},{"taxonomy":"post_tag","embeddable":true,"href":"https:\/\/zjarr.tv\/en\/wp-json\/wp\/v2\/tags?post=121720"}],"curies":[{"name":"wp","href":"https:\/\/api.w.org\/{rel}","templated":true}]}}