{"id":121733,"date":"2020-02-10T16:12:56","date_gmt":"2020-02-10T15:12:56","guid":{"rendered":"https:\/\/zjarr.tv\/?p=121733"},"modified":"2020-02-10T16:12:56","modified_gmt":"2020-02-10T15:12:56","slug":"motocikleta-pa-targa-aksidenton-kembesoren-ne-kucove","status":"publish","type":"post","link":"https:\/\/zjarr.tv\/en\/motocikleta-pa-targa-aksidenton-kembesoren-ne-kucove\/","title":{"rendered":"Moto\u00e7ikleta pa targa aksidenton k\u00ebmb\u00ebsoren n\u00eb Ku\u00e7ov\u00eb"},"content":{"rendered":"<p>Nj\u00eb 63-vje\u00e7are k\u00ebmb\u00ebsore \u00ebsht\u00eb aksidentuar nga drejtuesi i nj\u00eb moto\u00e7iklete. Ngjarja ka ndodhur rreth or\u00ebs 14.00, n\u00eb rrug\u00ebn para bashkis\u00eb Ku\u00e7ov\u00eb.<\/p>\n<p><em>&#8220;K.V duke drejtuar \u00a0nj\u00eb \u00a0moto\u00e7iklet\u00eb pa targa, ka aksidentuar k\u00ebmb\u00ebsoren, \u00a0shtetasen F.M 63-vje\u00e7e, \u00a0banuese n\u00eb lagjen &#8220;Llukan Prifti&#8221;, Ku\u00e7ov\u00eb e cila ndodhet n\u00eb Spitalin Rajonal t\u00eb Beratit p\u00ebr ndihm\u00eb mjek\u00ebsore&#8221;,<\/em>\u00a0sqaron policia.<\/p>\n<p>Drejtuesi i moto\u00e7iklet\u00ebs \u00ebsht\u00eb shoq\u00ebruar n\u00eb ambientet e policis\u00eb p\u00ebr veprime t\u00eb m\u00ebtejshme.<\/p>\n<p>Grupi hetimor po punon p\u00ebr zbardhjen e rrethanave t\u00eb shkaqeve t\u00eb aksidentit.<\/p>","protected":false},"excerpt":{"rendered":"<p>Nj\u00eb 63-vje\u00e7are k\u00ebmb\u00ebsore \u00ebsht\u00eb aksidentuar nga drejtuesi i nj\u00eb moto\u00e7iklete. Ngjarja ka ndodhur rreth or\u00ebs 14.00, n\u00eb rrug\u00ebn para bashkis\u00eb Ku\u00e7ov\u00eb. &#8220;K.V duke drejtuar \u00a0nj\u00eb \u00a0moto\u00e7iklet\u00eb pa targa, ka aksidentuar k\u00ebmb\u00ebsoren, \u00a0shtetasen F.M 63-vje\u00e7e, \u00a0banuese n\u00eb lagjen &#8220;Llukan Prifti&#8221;, Ku\u00e7ov\u00eb e cila ndodhet n\u00eb Spitalin Rajonal t\u00eb Beratit p\u00ebr ndihm\u00eb mjek\u00ebsore&#8221;,\u00a0sqaron policia. Drejtuesi i moto\u00e7iklet\u00ebs [&hellip;]<\/p>\n","protected":false},"author":2013,"featured_media":121734,"comment_status":"open","ping_status":"closed","sticky":false,"template":"","format":"standard","meta":{"footnotes":""},"categories":[241,235],"tags":[],"class_list":{"0":"post-121733","1":"post","2":"type-post","3":"status-publish","4":"format-standard","5":"has-post-thumbnail","7":"category-aktualitet","8":"category-vendi"},"_links":{"self":[{"href":"https:\/\/zjarr.tv\/en\/wp-json\/wp\/v2\/posts\/121733","targetHints":{"allow":["GET"]}}],"collection":[{"href":"https:\/\/zjarr.tv\/en\/wp-json\/wp\/v2\/posts"}],"about":[{"href":"https:\/\/zjarr.tv\/en\/wp-json\/wp\/v2\/types\/post"}],"author":[{"embeddable":true,"href":"https:\/\/zjarr.tv\/en\/wp-json\/wp\/v2\/users\/2013"}],"replies":[{"embeddable":true,"href":"https:\/\/zjarr.tv\/en\/wp-json\/wp\/v2\/comments?post=121733"}],"version-history":[{"count":0,"href":"https:\/\/zjarr.tv\/en\/wp-json\/wp\/v2\/posts\/121733\/revisions"}],"wp:featuredmedia":[{"embeddable":true,"href":"https:\/\/zjarr.tv\/en\/wp-json\/wp\/v2\/media\/121734"}],"wp:attachment":[{"href":"https:\/\/zjarr.tv\/en\/wp-json\/wp\/v2\/media?parent=121733"}],"wp:term":[{"taxonomy":"category","embeddable":true,"href":"https:\/\/zjarr.tv\/en\/wp-json\/wp\/v2\/categories?post=121733"},{"taxonomy":"post_tag","embeddable":true,"href":"https:\/\/zjarr.tv\/en\/wp-json\/wp\/v2\/tags?post=121733"}],"curies":[{"name":"wp","href":"https:\/\/api.w.org\/{rel}","templated":true}]}}