{"id":121749,"date":"2020-02-11T10:07:19","date_gmt":"2020-02-11T09:07:19","guid":{"rendered":"https:\/\/zjarr.tv\/?p=121749"},"modified":"2020-02-11T10:07:19","modified_gmt":"2020-02-11T09:07:19","slug":"tirana-100-vjet-kryeqytet-zedhenesja-e-pd-sot-eshte-ne-beteje-me-te-keqen-uroj-qe-pervjetoret-e-tjera","status":"publish","type":"post","link":"https:\/\/zjarr.tv\/en\/tirana-100-vjet-kryeqytet-zedhenesja-e-pd-sot-eshte-ne-beteje-me-te-keqen-uroj-qe-pervjetoret-e-tjera\/","title":{"rendered":"Tirana 100 vjet kryeqytet , z\u00ebdh\u00ebn\u00ebsja e PD: Sot \u00ebsht\u00eb n\u00eb betej\u00eb me t\u00eb keqen, uroj q\u00eb p\u00ebrvjetoret e tjera \u2026"},"content":{"rendered":"<p>Z\u00ebdh\u00ebn\u00ebsja e PD, Ina Zhupa n\u00eb 100- vjetorin e Tiran\u00ebs si kryeqytet thot\u00eb se qyteti ku u lind dhe u rrit \u00ebsht\u00eb n\u00eb betej\u00eb me t\u00eb keqen.<\/p>\n<p>Duke thumbuar Bashkin\u00eb e Tiran\u00ebs Zhupa thot\u00eb se kryeqyteti \u00ebsht\u00eb n\u00eb betej\u00eb p\u00ebr t\u00eb ruajtur identitetin e saj, historin\u00eb, trash\u00ebgimin\u00eb kulturore apo dhe ajrin, ujin e pijsh\u00ebm hap\u00ebsirat, publike, vlerat, rrug\u00ebt dhe transportin cil\u00ebsor apo shkollat e sigurta. Ajo n\u00eb fund uron Tiran\u00ebn duke shpresuar se p\u00ebrvjetoret e tjera do e gjejn\u00eb Tiran\u00ebn si nj\u00eb metropol europian.<\/p>\n<p><strong>STATUSI I INA ZHUP\u00cbS<\/strong><\/p>\n<p>Ina K. Zhupa<br \/>\nNe kete 100 vjetor Tirana gjendet ne nje beteje!<\/p>\n<p>Tirana sot eshte ne beteje me te keqen! Tirana sot eshte ne beteje per te ruajtur identitetin e saj, ne beteje per te ruajtur historine e saj, per te ruajtur trashegimnine kulturore. Eshte ne beteje per te ruajtur ajrin e saj, per te ruajtur hapesirat publike, per te ruajtur vlerat e saj. Tirana eshte ne beteje per te fituar ujin e pijshem, rruget cilesore, transportin dinjitoz, kopshtet dhe shkollat e sigurta.<\/p>\n<p>Tirana dhe ne qytetaret e saj duhet ti fitojme keto beteja, per te ardhmen, per te na gjetur pervjetoret e tjera me nje Tirane metropol europian ne cdo aspekt! Ky eshte urimi im per Tiranen!<\/p>\n<p>G\u00ebzuar 100 vjetorin Tirana ku u linda, u rrita, ku linda dhe do rris femijen tim.<\/p>","protected":false},"excerpt":{"rendered":"<p>Z\u00ebdh\u00ebn\u00ebsja e PD, Ina Zhupa n\u00eb 100- vjetorin e Tiran\u00ebs si kryeqytet thot\u00eb se qyteti ku u lind dhe u rrit \u00ebsht\u00eb n\u00eb betej\u00eb me t\u00eb keqen. Duke thumbuar Bashkin\u00eb e Tiran\u00ebs Zhupa thot\u00eb se kryeqyteti \u00ebsht\u00eb n\u00eb betej\u00eb p\u00ebr t\u00eb ruajtur identitetin e saj, historin\u00eb, trash\u00ebgimin\u00eb kulturore apo dhe ajrin, ujin e pijsh\u00ebm hap\u00ebsirat, [&hellip;]<\/p>\n","protected":false},"author":2013,"featured_media":65972,"comment_status":"open","ping_status":"closed","sticky":false,"template":"","format":"standard","meta":{"footnotes":""},"categories":[241,235],"tags":[],"class_list":{"0":"post-121749","1":"post","2":"type-post","3":"status-publish","4":"format-standard","5":"has-post-thumbnail","7":"category-aktualitet","8":"category-vendi"},"_links":{"self":[{"href":"https:\/\/zjarr.tv\/en\/wp-json\/wp\/v2\/posts\/121749","targetHints":{"allow":["GET"]}}],"collection":[{"href":"https:\/\/zjarr.tv\/en\/wp-json\/wp\/v2\/posts"}],"about":[{"href":"https:\/\/zjarr.tv\/en\/wp-json\/wp\/v2\/types\/post"}],"author":[{"embeddable":true,"href":"https:\/\/zjarr.tv\/en\/wp-json\/wp\/v2\/users\/2013"}],"replies":[{"embeddable":true,"href":"https:\/\/zjarr.tv\/en\/wp-json\/wp\/v2\/comments?post=121749"}],"version-history":[{"count":0,"href":"https:\/\/zjarr.tv\/en\/wp-json\/wp\/v2\/posts\/121749\/revisions"}],"wp:featuredmedia":[{"embeddable":true,"href":"https:\/\/zjarr.tv\/en\/wp-json\/wp\/v2\/media\/65972"}],"wp:attachment":[{"href":"https:\/\/zjarr.tv\/en\/wp-json\/wp\/v2\/media?parent=121749"}],"wp:term":[{"taxonomy":"category","embeddable":true,"href":"https:\/\/zjarr.tv\/en\/wp-json\/wp\/v2\/categories?post=121749"},{"taxonomy":"post_tag","embeddable":true,"href":"https:\/\/zjarr.tv\/en\/wp-json\/wp\/v2\/tags?post=121749"}],"curies":[{"name":"wp","href":"https:\/\/api.w.org\/{rel}","templated":true}]}}