{"id":121763,"date":"2020-02-11T11:40:17","date_gmt":"2020-02-11T10:40:17","guid":{"rendered":"https:\/\/zjarr.tv\/?p=121763"},"modified":"2020-02-11T11:40:17","modified_gmt":"2020-02-11T10:40:17","slug":"anti-shpifja-meta-njeh-venecian-me-argumentet-kunder","status":"publish","type":"post","link":"https:\/\/zjarr.tv\/en\/anti-shpifja-meta-njeh-venecian-me-argumentet-kunder\/","title":{"rendered":"Anti-shpifja\u2019, Meta njeh \u2018Venecian\u2019 me argumentet kund\u00ebr"},"content":{"rendered":"<p>Presidenti i Shqip\u00ebris\u00eb Ilir Meta priti sot n\u00eb nj\u00eb takim delegacionin e Komisionit t\u00eb Venecias, t\u00eb cil\u00ebt i njohu me t\u00eb gjitha argumentet e tij ligjore dhe kushtetutes p\u00ebr rikthimin n\u00eb Kuvend t\u00eb s\u00eb ashtuquajtur\u00ebs paket\u00eb \u2018anti-shpifje\u2019.<\/p>\n<p>Presidenti Meta theksoi se \u2018liria e shprehjes, liria e medias dhe e drejta e informimit, p\u00ebrve\u00e7 se jan\u00eb t\u00eb drejta themelore kushtetuese, jan\u00eb t\u00eb lidhura ngusht\u00eb me parimin e nd\u00ebrtimit dhe funksionimit t\u00eb nj\u00eb shteti demokratik.<\/p>\n<p>Pavar\u00ebsia e pushtetit t\u00eb medias \u00ebsht\u00eb thelbi i funksionimit dhe mbar\u00ebvajtjes s\u00eb shtetit t\u00eb s\u00eb drejt\u00ebs. N\u00ebse cenohet liria e shprehjes dhe e shtypit, dhe media vendoset n\u00ebn kontroll politik, at\u00ebher\u00eb \u00ebsht\u00eb cenuar dhe rendi i lir\u00eb dhe kushtetues, me pasoja direkte dhe shum\u00eb t\u00eb r\u00ebnda p\u00ebr t\u00eb ardhmen europiane t\u00eb Shqip\u00ebris\u00eb\u2019, &#8211; u shpreh nd\u00ebr t\u00eb tjera Kreu i Shtetit.<\/p>\n<div id=\"rekl-13\">\n<div id=\"__sap-ad-15\" class=\"__sap-ads __sap-html tracked\" data-title=\"Credins desktop Brenda lajmit 08\"><\/div>\n<\/div>\n<div id=\"rekl-4\"><\/div>\n<p><img decoding=\"async\" src=\"https:\/\/www.syri.net\/uploads\/syri.net\/images\/2020\/February\/11\/auto_meta_venecia_31581417260.jpeg\" alt=\"Image\" \/><\/p>\n<div id=\"rekl-42\"><\/div>\n<p>Gjithashtu, Presidenti Meta theksoi se \u2018\u00e7do nis\u00ebm ligjore q\u00eb cenon t\u00eb drejt\u00ebn e fjal\u00ebs s\u00eb lir\u00eb, nuk \u00ebsht\u00eb gj\u00eb tjet\u00ebr vet\u00ebm nj\u00eb shkelje e hapur e gjith\u00eb parimeve kushtetuese demokratike.<\/p>\n<p>Hyrja n\u00eb fuqi e ndryshimeve ligjore t\u00eb miratuara nga qeveria do t\u00eb p\u00ebrkeq\u00ebsonte besueshm\u00ebrin\u00eb e Shqip\u00ebris\u00eb, si nj\u00eb vend demokratik dhe i shtetit t\u00eb s\u00eb drejt\u00ebs, si dhe t\u00eb cenonte drejtp\u00ebrdrejt procesin e integrimit t\u00eb shpejt\u00eb t\u00eb vendit n\u00eb Europ\u00ebn e Bashkuar\u2019.<\/p>","protected":false},"excerpt":{"rendered":"<p>Presidenti i Shqip\u00ebris\u00eb Ilir Meta priti sot n\u00eb nj\u00eb takim delegacionin e Komisionit t\u00eb Venecias, t\u00eb cil\u00ebt i njohu me t\u00eb gjitha argumentet e tij ligjore dhe kushtetutes p\u00ebr rikthimin n\u00eb Kuvend t\u00eb s\u00eb ashtuquajtur\u00ebs paket\u00eb \u2018anti-shpifje\u2019. Presidenti Meta theksoi se \u2018liria e shprehjes, liria e medias dhe e drejta e informimit, p\u00ebrve\u00e7 se jan\u00eb [&hellip;]<\/p>\n","protected":false},"author":2013,"featured_media":121764,"comment_status":"open","ping_status":"closed","sticky":false,"template":"","format":"standard","meta":{"footnotes":""},"categories":[241,235],"tags":[],"class_list":{"0":"post-121763","1":"post","2":"type-post","3":"status-publish","4":"format-standard","5":"has-post-thumbnail","7":"category-aktualitet","8":"category-vendi"},"_links":{"self":[{"href":"https:\/\/zjarr.tv\/en\/wp-json\/wp\/v2\/posts\/121763","targetHints":{"allow":["GET"]}}],"collection":[{"href":"https:\/\/zjarr.tv\/en\/wp-json\/wp\/v2\/posts"}],"about":[{"href":"https:\/\/zjarr.tv\/en\/wp-json\/wp\/v2\/types\/post"}],"author":[{"embeddable":true,"href":"https:\/\/zjarr.tv\/en\/wp-json\/wp\/v2\/users\/2013"}],"replies":[{"embeddable":true,"href":"https:\/\/zjarr.tv\/en\/wp-json\/wp\/v2\/comments?post=121763"}],"version-history":[{"count":0,"href":"https:\/\/zjarr.tv\/en\/wp-json\/wp\/v2\/posts\/121763\/revisions"}],"wp:featuredmedia":[{"embeddable":true,"href":"https:\/\/zjarr.tv\/en\/wp-json\/wp\/v2\/media\/121764"}],"wp:attachment":[{"href":"https:\/\/zjarr.tv\/en\/wp-json\/wp\/v2\/media?parent=121763"}],"wp:term":[{"taxonomy":"category","embeddable":true,"href":"https:\/\/zjarr.tv\/en\/wp-json\/wp\/v2\/categories?post=121763"},{"taxonomy":"post_tag","embeddable":true,"href":"https:\/\/zjarr.tv\/en\/wp-json\/wp\/v2\/tags?post=121763"}],"curies":[{"name":"wp","href":"https:\/\/api.w.org\/{rel}","templated":true}]}}