{"id":121766,"date":"2020-02-11T11:42:19","date_gmt":"2020-02-11T10:42:19","guid":{"rendered":"https:\/\/zjarr.tv\/?p=121766"},"modified":"2020-02-11T11:42:19","modified_gmt":"2020-02-11T10:42:19","slug":"minishengen-ballkanik-apo-makroshengen-shqiptar-perplasja-e-pare-ne-tirane-mes-kryeministrave-rama-e-kurti","status":"publish","type":"post","link":"https:\/\/zjarr.tv\/en\/minishengen-ballkanik-apo-makroshengen-shqiptar-perplasja-e-pare-ne-tirane-mes-kryeministrave-rama-e-kurti\/","title":{"rendered":"Minishengen Ballkanik apo Makroshengen Shqiptar? P\u00ebrplasja e par\u00eb n\u00eb Tiran\u00eb mes kryeministrave Rama e Kurti"},"content":{"rendered":"<p>Shengeni Ballkanik duket se ka shkaktuar p\u00ebrplasjen e par\u00eb mes kryeministrit Edi Rama dhe homologut t\u00eb tij nga Kosova, Albin Kurti. N\u00eb konferenc\u00ebn e p\u00ebrbashk\u00ebt p\u00ebr mediat, kryeministrat Rama e Kurti i jan\u00eb p\u00ebrgjigjur interesit t\u00eb medias lidhur me minishengenin Ballkanik.<\/p>\n<p>Por nd\u00ebrsa Albin Kurti foli p\u00ebr makroshengen shqiptar, kryeministri Rama theksoi prerazi, se s\u2019ka makroshegenin shqiptar pa minishengen Ballkanik.<\/p>\n<p>\u201cKy \u00ebsht\u00eb takimi i par\u00eb, ka edhe shum\u00eb tema q\u00eb do i trajtojm\u00eb n\u00eb t\u00eb ardhmen, kjo ishte nj\u00eb tem\u00eb q\u00eb e trajtuam, por shkurtimisht. Takimi sot ishte m\u00eb par\u00eb p\u00ebr makroshegenin shqiptar, se p\u00ebr minishengenin Ballkanin. \u201d \u2013 u shpreh Kurti, nd\u00ebrsa kryeministri Rama shprehu prer\u00eb q\u00ebndrimin e tij nd\u00ebrsa tha se ai beson se nuk ka makro shengen shqiptar, pa mini shengen Ballkanik.<\/p>\n<p>\u201c\u00cbsht\u00eb e v\u00ebrtet\u00eb q\u00eb n\u00eb k\u00ebt\u00eb pik\u00eb, ne kemi nj\u00eb diskutim p\u00ebr t\u00eb cuar p\u00ebrpara. Un\u00eb besoj s\u2019ka makroshegenin shqiptar pa minishengen Ballkanik, edhe pse k\u00ebt\u00eb \u2018mini\u2019 nuk e di kush ja vuri por, un\u00eb edhe p\u00ebr shkak t\u00eb gjat\u00ebsis\u00eb s\u2019jam i prirur p\u00ebr gj\u00ebra mini. Besoj q\u00eb makroshegeni shqiptar \u00ebsht\u00eb i lidhur ngusht\u00ebsisht me at\u00eb rajonal. N\u00ebse ne jemi t\u00eb harmonizuar n\u00eb nd\u00ebrveprimin ton\u00eb, c\u2019ka do b\u00ebjm\u00eb \u00e7mos q\u00eb t\u00eb jemi, na hapet rruga q\u00eb esht\u00eb e mbyllur prej t\u00eb gjitha viteve p\u00ebr nj\u00eb hapsir\u00eb t\u00eb p\u00ebrbashk\u00ebt mes dy shteteve. P\u00ebr l\u00ebvizje t\u00eb lir\u00eb mes nesh, c\u2019ka deri dje ishte e paimagjinueshme, p\u00ebr shkak t\u00eb rezistenc\u00ebs t\u00eb gjth\u00eb vendeve, jo vet\u00ebm Serbis\u00eb.<\/p>\n<p>Sot \u00ebsht\u00eb vet\u00ebm n\u00eb dor\u00ebn ton\u00eb, dhe dua ta them me plot goj\u00ebn se k\u00ebt\u00eb rezistenc\u00eb un\u00eb e kam thyer. Askush as Serbia dhe as \u00a0vendet e tjera nuk na thon\u00eb dot se po b\u00ebjm\u00eb Shqip\u00ebrin e madhe, n\u00ebse heqim kufirin. Ndaj e kam diskutuar me kryeministrin t\u00eb fillojm\u00eb nga puna me t\u00eb gjitha agjencit\u00eb q\u00eb garnatojn\u00eb aspektet e siguris\u00eb, sipas modelit t\u00eb Shengenit dhe me t\u00eb gjitha agjencit\u00eb e tjera q\u00eb duhet t\u00eb lirojn\u00eb tregtin\u00eb nga barrierat e panum\u00ebrta\u201d deklaroi Rama.<\/p>","protected":false},"excerpt":{"rendered":"<p>Shengeni Ballkanik duket se ka shkaktuar p\u00ebrplasjen e par\u00eb mes kryeministrit Edi Rama dhe homologut t\u00eb tij nga Kosova, Albin Kurti. N\u00eb konferenc\u00ebn e p\u00ebrbashk\u00ebt p\u00ebr mediat, kryeministrat Rama e Kurti i jan\u00eb p\u00ebrgjigjur interesit t\u00eb medias lidhur me minishengenin Ballkanik. Por nd\u00ebrsa Albin Kurti foli p\u00ebr makroshengen shqiptar, kryeministri Rama theksoi prerazi, se s\u2019ka [&hellip;]<\/p>\n","protected":false},"author":2013,"featured_media":121767,"comment_status":"open","ping_status":"closed","sticky":false,"template":"","format":"standard","meta":{"footnotes":""},"categories":[241,235],"tags":[],"class_list":{"0":"post-121766","1":"post","2":"type-post","3":"status-publish","4":"format-standard","5":"has-post-thumbnail","7":"category-aktualitet","8":"category-vendi"},"_links":{"self":[{"href":"https:\/\/zjarr.tv\/en\/wp-json\/wp\/v2\/posts\/121766","targetHints":{"allow":["GET"]}}],"collection":[{"href":"https:\/\/zjarr.tv\/en\/wp-json\/wp\/v2\/posts"}],"about":[{"href":"https:\/\/zjarr.tv\/en\/wp-json\/wp\/v2\/types\/post"}],"author":[{"embeddable":true,"href":"https:\/\/zjarr.tv\/en\/wp-json\/wp\/v2\/users\/2013"}],"replies":[{"embeddable":true,"href":"https:\/\/zjarr.tv\/en\/wp-json\/wp\/v2\/comments?post=121766"}],"version-history":[{"count":0,"href":"https:\/\/zjarr.tv\/en\/wp-json\/wp\/v2\/posts\/121766\/revisions"}],"wp:featuredmedia":[{"embeddable":true,"href":"https:\/\/zjarr.tv\/en\/wp-json\/wp\/v2\/media\/121767"}],"wp:attachment":[{"href":"https:\/\/zjarr.tv\/en\/wp-json\/wp\/v2\/media?parent=121766"}],"wp:term":[{"taxonomy":"category","embeddable":true,"href":"https:\/\/zjarr.tv\/en\/wp-json\/wp\/v2\/categories?post=121766"},{"taxonomy":"post_tag","embeddable":true,"href":"https:\/\/zjarr.tv\/en\/wp-json\/wp\/v2\/tags?post=121766"}],"curies":[{"name":"wp","href":"https:\/\/api.w.org\/{rel}","templated":true}]}}