{"id":121772,"date":"2020-02-11T11:46:07","date_gmt":"2020-02-11T10:46:07","guid":{"rendered":"https:\/\/zjarr.tv\/?p=121772"},"modified":"2020-02-11T11:46:07","modified_gmt":"2020-02-11T10:46:07","slug":"shehu-provokacion-i-rende-rama-deklaron-se-ska-bashkepunim-shqiptar-pa-jugosllavi-te-re","status":"publish","type":"post","link":"https:\/\/zjarr.tv\/en\/shehu-provokacion-i-rende-rama-deklaron-se-ska-bashkepunim-shqiptar-pa-jugosllavi-te-re\/","title":{"rendered":"Shehu: Provokacion i r\u00ebnd\u00eb, Rama deklaron se s&#8217;ka bashk\u00ebpunim shqiptar pa &#8216;Jugosllavi t\u00eb Re&#8217;!"},"content":{"rendered":"<p><strong>Nga Tritan Shehu.<\/strong><\/p>\n<p>Provokacion i r\u00ebnd\u00eb sot, Rama deklaron se nuk ka bashk\u00ebpunim shqiptar pa \u201cJugosllavi t\u00eb Re\u201d! Qart\u00ebsisht k\u00ebshtu p\u00ebrkthehet n\u00eb shqip, th\u00ebnia e tij n\u00eb takimin me Kurtin se \u201cnuk ka makro-Shengen shqiptar pa mini-shengen ballkanik\u201d!<\/p>\n<p>E pabesueshme nj\u00eb deklarat\u00eb e till\u00eb nga Kryeministri i Shqip\u00ebris\u00eb, q\u00eb v\u00eb p\u00ebrpara bashk\u00ebpunimit shqiptar, projektin serb t\u00eb \u201cJugosllavis\u00eb s\u00eb Re\u201d me Kosov\u00ebn n\u00ebn hije e shqiptar\u00ebt faktor\u00eb sekondar\u00eb n\u00eb rajon.<\/p>\n<p>E papranueshme kjo tez\u00eb vu\u00e7iane, q\u00eb kondicionon bashk\u00ebpunimin rajonal me at\u00eb \u201cShengen\u201d t\u00eb \u00ebndrr\u00ebs serbe. Krejt\u00ebsisht kjo n\u00eb kund\u00ebrshtim me interesat tona komb\u00ebtare, t\u00eb rajonit, t\u00eb rrug\u00ebs son\u00eb t\u00eb integrimit europian, q\u00eb i vihet p\u00ebrpara \u201cJugosllavia e Re\u201d, e cila n\u00eb fakt t\u00eb degdis larg n\u00eb Euroazi e n\u00eb Lindje.<\/p>\n<p>O tempora, o mores!<\/p>","protected":false},"excerpt":{"rendered":"<p>Nga Tritan Shehu. Provokacion i r\u00ebnd\u00eb sot, Rama deklaron se nuk ka bashk\u00ebpunim shqiptar pa \u201cJugosllavi t\u00eb Re\u201d! Qart\u00ebsisht k\u00ebshtu p\u00ebrkthehet n\u00eb shqip, th\u00ebnia e tij n\u00eb takimin me Kurtin se \u201cnuk ka makro-Shengen shqiptar pa mini-shengen ballkanik\u201d! E pabesueshme nj\u00eb deklarat\u00eb e till\u00eb nga Kryeministri i Shqip\u00ebris\u00eb, q\u00eb v\u00eb p\u00ebrpara bashk\u00ebpunimit shqiptar, projektin serb [&hellip;]<\/p>\n","protected":false},"author":2013,"featured_media":121767,"comment_status":"open","ping_status":"closed","sticky":false,"template":"","format":"standard","meta":{"footnotes":""},"categories":[241,235],"tags":[],"class_list":{"0":"post-121772","1":"post","2":"type-post","3":"status-publish","4":"format-standard","5":"has-post-thumbnail","7":"category-aktualitet","8":"category-vendi"},"_links":{"self":[{"href":"https:\/\/zjarr.tv\/en\/wp-json\/wp\/v2\/posts\/121772","targetHints":{"allow":["GET"]}}],"collection":[{"href":"https:\/\/zjarr.tv\/en\/wp-json\/wp\/v2\/posts"}],"about":[{"href":"https:\/\/zjarr.tv\/en\/wp-json\/wp\/v2\/types\/post"}],"author":[{"embeddable":true,"href":"https:\/\/zjarr.tv\/en\/wp-json\/wp\/v2\/users\/2013"}],"replies":[{"embeddable":true,"href":"https:\/\/zjarr.tv\/en\/wp-json\/wp\/v2\/comments?post=121772"}],"version-history":[{"count":0,"href":"https:\/\/zjarr.tv\/en\/wp-json\/wp\/v2\/posts\/121772\/revisions"}],"wp:featuredmedia":[{"embeddable":true,"href":"https:\/\/zjarr.tv\/en\/wp-json\/wp\/v2\/media\/121767"}],"wp:attachment":[{"href":"https:\/\/zjarr.tv\/en\/wp-json\/wp\/v2\/media?parent=121772"}],"wp:term":[{"taxonomy":"category","embeddable":true,"href":"https:\/\/zjarr.tv\/en\/wp-json\/wp\/v2\/categories?post=121772"},{"taxonomy":"post_tag","embeddable":true,"href":"https:\/\/zjarr.tv\/en\/wp-json\/wp\/v2\/tags?post=121772"}],"curies":[{"name":"wp","href":"https:\/\/api.w.org\/{rel}","templated":true}]}}