{"id":121779,"date":"2020-02-11T12:35:35","date_gmt":"2020-02-11T11:35:35","guid":{"rendered":"https:\/\/zjarr.tv\/?p=121779"},"modified":"2020-02-11T12:35:35","modified_gmt":"2020-02-11T11:35:35","slug":"kryemadhi-tregon-biseden-qe-pati-me-yuri-kim-cfare-vleresoi-ne-vecanti","status":"publish","type":"post","link":"https:\/\/zjarr.tv\/en\/kryemadhi-tregon-biseden-qe-pati-me-yuri-kim-cfare-vleresoi-ne-vecanti\/","title":{"rendered":"Kryemadhi tregon bised\u00ebn q\u00eb pati me Yuri Kim, \u00e7far\u00eb vler\u00ebsoi n\u00eb ve\u00e7anti"},"content":{"rendered":"<div class=\"readmore-text-here\">\n<p>Kryetarja e LSI, Monika Kryemadhi, ka pritur n\u00eb selin\u00eb e partis\u00eb, Ambasadoren e re t\u00eb SHBA-s\u00eb, Yuri Kim. P\u00ebr gjith\u00eb \u00e7&#8217;kan\u00eb diskutuar s\u00eb bashku, Kryemadhi ka rr\u00ebfyer n?7 Fb:<\/p>\n<p>&#8221;\u00a0Sot kisha k\u00ebnaq\u00ebsin\u00eb t&#8217;i uroja nj\u00eb mandat t\u00eb suksessh\u00ebm n\u00eb Shqip\u00ebri, Ambasadores znj. Yuri Kim, si p\u00ebrfaq\u00ebsuesja e aleatit ton\u00eb strategjik SHBA.<\/p>\n<p>Shpreha mb\u00ebshtetjen e plot\u00eb p\u00ebr 3 prioritetet e Ambasadores Yuri Kim n\u00eb Shqip\u00ebri, n\u00eb fush\u00ebn e siguris\u00eb, n\u00eb fush\u00ebn e forcimit demokratik si dhe n\u00eb aspektin e bashk\u00ebpunimit ekonomik dhe t\u00eb zhvillimit, p\u00ebr t\u00eb cilat LSI ndan t\u00eb nj\u00ebjtin vizion dhe t\u00eb nj\u00ebjtin vler\u00ebsim.<\/p>\n<p>Vler\u00ebsoj n\u00eb m\u00ebnyr\u00eb t\u00eb ve\u00e7ant\u00eb theksin n\u00eb prioritetet e bashk\u00ebpunimit ekonomik t\u00eb cilat jan\u00eb domosdoshm\u00ebri q\u00eb vendit t&#8217;i kthehet nj\u00eb rritje e q\u00ebndrueshme ekonomike dhe t\u00eb ofroj\u00eb pun\u00ebsim, ve\u00e7an\u00ebrisht p\u00ebr rinin\u00eb.<\/p>\n<p>Vler\u00ebsova gjithashtu mb\u00ebshtetjen e pakufizuar q\u00eb SHBA jep p\u00ebr procesin e integrimit t\u00eb Shqip\u00ebris\u00eb n\u00eb Bashkimin Evropian dhe p\u00ebrkrahjen e vazhdueshme p\u00ebr realizimin e reformave q\u00eb k\u00ebrkon axhenda jon\u00eb e integrimit.<\/p>\n<p>Ndam\u00eb bindjen e p\u00ebrbashk\u00ebt q\u00eb p\u00ebrfundimi sa m\u00eb i shpejt\u00eb i reform\u00ebs zgjedhore sipas standarteve t\u00eb OSBE\/ODIHR \u00ebsht\u00eb i nj\u00eb r\u00ebnd\u00ebsie prioritare.<\/p>\n<p>Vler\u00ebsova partneritetin strategjik me SHBA p\u00ebr forcimin e paqes, t\u00eb zhvillimit dhe t\u00eb integrimit t\u00eb rajonit ton\u00eb.&#8221;<\/p>\n<\/div>","protected":false},"excerpt":{"rendered":"<p>Kryetarja e LSI, Monika Kryemadhi, ka pritur n\u00eb selin\u00eb e partis\u00eb, Ambasadoren e re t\u00eb SHBA-s\u00eb, Yuri Kim. P\u00ebr gjith\u00eb \u00e7&#8217;kan\u00eb diskutuar s\u00eb bashku, Kryemadhi ka rr\u00ebfyer n?7 Fb: &#8221;\u00a0Sot kisha k\u00ebnaq\u00ebsin\u00eb t&#8217;i uroja nj\u00eb mandat t\u00eb suksessh\u00ebm n\u00eb Shqip\u00ebri, Ambasadores znj. Yuri Kim, si p\u00ebrfaq\u00ebsuesja e aleatit ton\u00eb strategjik SHBA. Shpreha mb\u00ebshtetjen e plot\u00eb [&hellip;]<\/p>\n","protected":false},"author":2013,"featured_media":121780,"comment_status":"open","ping_status":"closed","sticky":false,"template":"","format":"standard","meta":{"footnotes":""},"categories":[241,235],"tags":[],"class_list":{"0":"post-121779","1":"post","2":"type-post","3":"status-publish","4":"format-standard","5":"has-post-thumbnail","7":"category-aktualitet","8":"category-vendi"},"_links":{"self":[{"href":"https:\/\/zjarr.tv\/en\/wp-json\/wp\/v2\/posts\/121779","targetHints":{"allow":["GET"]}}],"collection":[{"href":"https:\/\/zjarr.tv\/en\/wp-json\/wp\/v2\/posts"}],"about":[{"href":"https:\/\/zjarr.tv\/en\/wp-json\/wp\/v2\/types\/post"}],"author":[{"embeddable":true,"href":"https:\/\/zjarr.tv\/en\/wp-json\/wp\/v2\/users\/2013"}],"replies":[{"embeddable":true,"href":"https:\/\/zjarr.tv\/en\/wp-json\/wp\/v2\/comments?post=121779"}],"version-history":[{"count":0,"href":"https:\/\/zjarr.tv\/en\/wp-json\/wp\/v2\/posts\/121779\/revisions"}],"wp:featuredmedia":[{"embeddable":true,"href":"https:\/\/zjarr.tv\/en\/wp-json\/wp\/v2\/media\/121780"}],"wp:attachment":[{"href":"https:\/\/zjarr.tv\/en\/wp-json\/wp\/v2\/media?parent=121779"}],"wp:term":[{"taxonomy":"category","embeddable":true,"href":"https:\/\/zjarr.tv\/en\/wp-json\/wp\/v2\/categories?post=121779"},{"taxonomy":"post_tag","embeddable":true,"href":"https:\/\/zjarr.tv\/en\/wp-json\/wp\/v2\/tags?post=121779"}],"curies":[{"name":"wp","href":"https:\/\/api.w.org\/{rel}","templated":true}]}}