{"id":121782,"date":"2020-02-11T12:36:48","date_gmt":"2020-02-11T11:36:48","guid":{"rendered":"https:\/\/zjarr.tv\/?p=121782"},"modified":"2020-02-11T12:36:48","modified_gmt":"2020-02-11T11:36:48","slug":"policia-i-kerkon-pasurine-emiljano-shullazit-dhe-gjergj-cukalit","status":"publish","type":"post","link":"https:\/\/zjarr.tv\/en\/policia-i-kerkon-pasurine-emiljano-shullazit-dhe-gjergj-cukalit\/","title":{"rendered":"Policia i k\u00ebrkon pasurin\u00eb Emiljano Shullazit dhe Gjergj Cukalit"},"content":{"rendered":"<p>Policia ka deklaruar sot se u ka d\u00ebrguar formular\u00ebt e pasuris\u00eb dy personazheve t\u00eb njohur t\u00eb krimit n\u00eb vend. Emiljano Shullazi dhe Gjergj Cukali do t\u00eb duhet t\u00eb justifikojn\u00eb pasurin\u00eb e tyre.<\/p>\n<p><strong>Deklarata e Policis\u00eb s\u00eb Shtetit<\/strong><\/p>\n<p>N\u00eb k\u00ebt\u00eb kuad\u00ebr OFL u ka d\u00ebrguar k\u00ebrkesat p\u00ebr vet\u00ebdeklarim t\u00eb pasuris\u00eb shtetasve:<\/p>\n<p>&#8211; E. Sh, me banim n\u00eb Tiran\u00eb, i cili aktualisht ndodhet i paraburgosur, pasi ndaj tij po zhvillohet gjykimi p\u00ebr veprat penale \u2018Shtr\u00ebngimi me an\u00eb t\u00eb kanosjes ose dhun\u00ebs p\u00ebr dh\u00ebnien e pasuris\u00eb\u2019, \u2018Grup i strukturuar kriminal\u2019 dhe \u2018Kryerja e veprave penale nga organizata kriminale dhe grupi i strukturuar kriminal\u2019;<\/p>\n<p>&#8211; Gj. C., me banim n\u00eb Tiran\u00eb, pasi n\u00eb vitin 2006, Gjykata e Rrethit Tiran\u00eb e ka d\u00ebnuar me 10 vite burg, p\u00ebr vepr\u00ebn penale \u2018Rr\u00ebmbimi ose mbajtja peng e personit\u2019;<\/p>\n<p>K\u00ebta individ\u00eb, si subjekt i Ligjit Special, duhet t\u2019u p\u00ebrgjigjen me shkrim, brenda 48 or\u00ebsh, t\u00eb gjitha pyetjeve t\u00eb OFL-s\u00eb.<\/p>\n<p>M\u00eb pas, p\u00ebrgjigjet e marra do t\u2019i d\u00ebrgohen SPAK-ut, p\u00ebr veprime t\u00eb m\u00ebtejshme.<\/p>\n<p>OFL, q\u00eb prej nisjes s\u00eb operacionit e deri sot, u ka d\u00ebrguar k\u00ebrkes\u00eb p\u00ebr vet\u00ebdeklarim t\u00eb pasuris\u00eb 13 personave, si dhe ka sekuestruar: nj\u00eb vil\u00eb, nj\u00eb karburant, 6 banesa, 3 automjete dhe 1900 m2 truall, ar\u00eb.<\/p>\n<p>OFL do t\u00eb informoj\u00eb publikun n\u00eb vijim\u00ebsi p\u00ebr t\u00eb gjitha nismat procedurale dhe operacionet ekzekutive q\u00eb do t\u00eb kryej\u00eb.<\/p>","protected":false},"excerpt":{"rendered":"<p>Policia ka deklaruar sot se u ka d\u00ebrguar formular\u00ebt e pasuris\u00eb dy personazheve t\u00eb njohur t\u00eb krimit n\u00eb vend. Emiljano Shullazi dhe Gjergj Cukali do t\u00eb duhet t\u00eb justifikojn\u00eb pasurin\u00eb e tyre. Deklarata e Policis\u00eb s\u00eb Shtetit N\u00eb k\u00ebt\u00eb kuad\u00ebr OFL u ka d\u00ebrguar k\u00ebrkesat p\u00ebr vet\u00ebdeklarim t\u00eb pasuris\u00eb shtetasve: &#8211; E. Sh, me banim [&hellip;]<\/p>\n","protected":false},"author":2013,"featured_media":38161,"comment_status":"open","ping_status":"closed","sticky":false,"template":"","format":"standard","meta":{"footnotes":""},"categories":[241,235],"tags":[],"class_list":{"0":"post-121782","1":"post","2":"type-post","3":"status-publish","4":"format-standard","5":"has-post-thumbnail","7":"category-aktualitet","8":"category-vendi"},"_links":{"self":[{"href":"https:\/\/zjarr.tv\/en\/wp-json\/wp\/v2\/posts\/121782","targetHints":{"allow":["GET"]}}],"collection":[{"href":"https:\/\/zjarr.tv\/en\/wp-json\/wp\/v2\/posts"}],"about":[{"href":"https:\/\/zjarr.tv\/en\/wp-json\/wp\/v2\/types\/post"}],"author":[{"embeddable":true,"href":"https:\/\/zjarr.tv\/en\/wp-json\/wp\/v2\/users\/2013"}],"replies":[{"embeddable":true,"href":"https:\/\/zjarr.tv\/en\/wp-json\/wp\/v2\/comments?post=121782"}],"version-history":[{"count":0,"href":"https:\/\/zjarr.tv\/en\/wp-json\/wp\/v2\/posts\/121782\/revisions"}],"wp:featuredmedia":[{"embeddable":true,"href":"https:\/\/zjarr.tv\/en\/wp-json\/wp\/v2\/media\/38161"}],"wp:attachment":[{"href":"https:\/\/zjarr.tv\/en\/wp-json\/wp\/v2\/media?parent=121782"}],"wp:term":[{"taxonomy":"category","embeddable":true,"href":"https:\/\/zjarr.tv\/en\/wp-json\/wp\/v2\/categories?post=121782"},{"taxonomy":"post_tag","embeddable":true,"href":"https:\/\/zjarr.tv\/en\/wp-json\/wp\/v2\/tags?post=121782"}],"curies":[{"name":"wp","href":"https:\/\/api.w.org\/{rel}","templated":true}]}}