{"id":121795,"date":"2020-02-12T11:27:11","date_gmt":"2020-02-12T10:27:11","guid":{"rendered":"https:\/\/zjarr.tv\/?p=121795"},"modified":"2020-02-12T11:30:18","modified_gmt":"2020-02-12T10:30:18","slug":"121795-2","status":"publish","type":"post","link":"https:\/\/zjarr.tv\/en\/121795-2\/","title":{"rendered":"Naft\u00ebtar\u00ebt e Ballshit s\u00ebrish n\u00eb protest\u00eb, muaj t\u00eb t\u00ebr\u00eb pa marr\u00eb pagave"},"content":{"rendered":"<p>Naft\u00ebtar\u00ebt e Ballshit vazhdoj\u00eb protest\u00ebn e tyre p\u00ebr marrjen e pagave t\u00eb prapambetura dhe rinisjen e pun\u00ebs n\u00eb Uzin\u00eb. Protesta e tyre vazhdon prej 11 dit\u00ebsh tashm\u00eb.<\/p>\n<p><em>Jan\u00eb m\u00eb shum\u00eb se 800 naft\u00ebtar\u00eb q\u00eb k\u00ebrc\u00ebnojn\u00eb se n\u00eb rast se nuk marrin zgjidhje do t\u00eb shkojn\u00eb drejt grev\u00ebs s\u00eb uris\u00eb. <\/em>Ata kan\u00eb disa muaj marr\u00eb rrog\u00ebn dhe nuk din\u00eb n\u00ebse do t\u00eb rikthehen n\u00eb pun\u00eb Rafineria e Ballshit e administruar u mbyll n\u00eb muajin shtator p\u00ebr shkak t\u00eb mos furnizimit me naft\u00eb bruto nga Bankers Petroleum.<\/p>","protected":false},"excerpt":{"rendered":"<p>Naft\u00ebtar\u00ebt e Ballshit vazhdoj\u00eb protest\u00ebn e tyre p\u00ebr marrjen e pagave t\u00eb prapambetura dhe rinisjen e pun\u00ebs n\u00eb Uzin\u00eb. Protesta e tyre vazhdon prej 11 dit\u00ebsh tashm\u00eb. Jan\u00eb m\u00eb shum\u00eb se 800 naft\u00ebtar\u00eb q\u00eb k\u00ebrc\u00ebnojn\u00eb se n\u00eb rast se nuk marrin zgjidhje do t\u00eb shkojn\u00eb drejt grev\u00ebs s\u00eb uris\u00eb. Ata kan\u00eb disa muaj marr\u00eb rrog\u00ebn [&hellip;]<\/p>\n","protected":false},"author":2013,"featured_media":121796,"comment_status":"open","ping_status":"closed","sticky":false,"template":"","format":"standard","meta":{"footnotes":""},"categories":[241,235],"tags":[],"class_list":{"0":"post-121795","1":"post","2":"type-post","3":"status-publish","4":"format-standard","5":"has-post-thumbnail","7":"category-aktualitet","8":"category-vendi"},"_links":{"self":[{"href":"https:\/\/zjarr.tv\/en\/wp-json\/wp\/v2\/posts\/121795","targetHints":{"allow":["GET"]}}],"collection":[{"href":"https:\/\/zjarr.tv\/en\/wp-json\/wp\/v2\/posts"}],"about":[{"href":"https:\/\/zjarr.tv\/en\/wp-json\/wp\/v2\/types\/post"}],"author":[{"embeddable":true,"href":"https:\/\/zjarr.tv\/en\/wp-json\/wp\/v2\/users\/2013"}],"replies":[{"embeddable":true,"href":"https:\/\/zjarr.tv\/en\/wp-json\/wp\/v2\/comments?post=121795"}],"version-history":[{"count":0,"href":"https:\/\/zjarr.tv\/en\/wp-json\/wp\/v2\/posts\/121795\/revisions"}],"wp:featuredmedia":[{"embeddable":true,"href":"https:\/\/zjarr.tv\/en\/wp-json\/wp\/v2\/media\/121796"}],"wp:attachment":[{"href":"https:\/\/zjarr.tv\/en\/wp-json\/wp\/v2\/media?parent=121795"}],"wp:term":[{"taxonomy":"category","embeddable":true,"href":"https:\/\/zjarr.tv\/en\/wp-json\/wp\/v2\/categories?post=121795"},{"taxonomy":"post_tag","embeddable":true,"href":"https:\/\/zjarr.tv\/en\/wp-json\/wp\/v2\/tags?post=121795"}],"curies":[{"name":"wp","href":"https:\/\/api.w.org\/{rel}","templated":true}]}}