{"id":121809,"date":"2020-02-12T11:44:13","date_gmt":"2020-02-12T10:44:13","guid":{"rendered":"https:\/\/zjarr.tv\/?p=121809"},"modified":"2020-02-12T11:44:13","modified_gmt":"2020-02-12T10:44:13","slug":"pas-greqise-patentat-shqiptare-njihen-edhe-ne-turqi","status":"publish","type":"post","link":"https:\/\/zjarr.tv\/en\/pas-greqise-patentat-shqiptare-njihen-edhe-ne-turqi\/","title":{"rendered":"Pas Greqis\u00eb patentat shqiptare njihen edhe n\u00eb Turqi"},"content":{"rendered":"<p>Ministri i Jasht\u00ebm Gent Cakaj ka n\u00ebnshkruar marr\u00ebveshjen me homologun turk p\u00ebr njohjen e patentave shqiptare n\u00eb Turqi. Po ashtu ata n\u00ebnshkruan edhe dy marr\u00ebveshje t\u00eb tjera sa i p\u00ebrket shk\u00ebmbimit t\u00eb diplomat\u00ebve si dhe n\u00eb luft\u00ebn kund\u00ebr krimit t\u00eb organizuar, korrupsionit, ekstremizmit dhe terrorizmit.<\/p>\n<p>\u201d\u00a0Marr\u00ebdh\u00ebniet e q\u00ebndrueshme mes dy vendeve tona jan\u00eb t\u00eb rr\u00ebnjosura jo vet\u00ebm n\u00eb lidhjet historike por edhe t\u00eb mir\u00eb-vendosura n\u00eb nj\u00eb rrafsh nd\u00ebrveprimi intensiv dypal\u00ebsh, bashk\u00ebpunimi konstruktiv n\u00eb organizata nd\u00ebrkomb\u00ebtare e partneritet t\u00eb q\u00ebndruesh\u00ebm n\u00eb NATO<\/p>\n<p>Mb\u00ebshtetja e ofruar nga Turqia n\u00eb nj\u00eb prej or\u00ebve m\u00eb t\u00eb err\u00ebta t\u00eb historis\u00eb s\u00eb Shqip\u00ebris\u00eb do mbahet mend shum\u00eb gjat\u00eb. Por, natyra nuk kurseu as Turqin\u00eb. Shpreh ngush\u00ebllim p\u00ebr jet\u00ebt e humbura nga t\u00ebrmeti. Turqia vijon t\u00eb jet\u00eb nj\u00eb nd\u00ebr kontribuuesit kryesor\u00eb dhe mb\u00ebshtet\u00ebs t\u00eb Shqip\u00ebris\u00eb, por jo vet\u00ebm edhe t\u00eb KFOR-it n\u00eb Kosov\u00eb.<\/p>\n<p>Njohim edhe kc\u00ebnimet e siguris\u00eb s\u00eb Turqis\u00eb n\u00eb kufijt\u00eb e saj, por edhe q\u00eb ka mbajtur miliona refugjat\u00eb sirian\u00eb n\u00eb vendin e saj. Ajo \u00ebsht\u00eb nj\u00eb kontribut i p\u00ebrgjithsh\u00ebm p\u00ebr sigurin\u00eb Europiane. Ne sot po ashtu kemi n\u00ebnshkruar tre dokumente apo marr\u00ebveshje.<\/p>\n<p>Marr\u00ebveshjen p\u00ebr \u201cNjohjen e nd\u00ebrsjell\u00eb dhe shk\u00ebmbimin e Lejeve t\u00eb drejtimit\u201d, e cila do t\u00eb leht\u00ebsoj\u00eb l\u00ebvizjen dhe do t\u00eb eleminoj\u00eb barrierat administrative dhe burokratike p\u00ebr p\u00ebrdorimin e lejeve t\u00eb drejtimit mes Shqip\u00ebris\u00eb dhe Turqis\u00eb.<\/p>\n<p>S\u00eb dyti, Memorandumin e Mir\u00ebkuptimit nd\u00ebrmjet Akademive Diplomatike p\u00ebr Shk\u00ebmbimin e Diplomat\u00ebve, q\u00eb do t\u00eb sh\u00ebrbej\u00eb n\u00eb rritjen e kapaciteteve profesionale dhe shtimin e mund\u00ebsive t\u00eb k\u00ebmbimit t\u00eb p\u00ebrvojave mes dy vendeve.<\/p>\n<p>S\u00eb treti, \u2018deklarat\u00ebn e p\u00ebrbashk\u00ebt\u2019 nd\u00ebrmjet dy ministrive q\u00eb do t\u00eb sh\u00ebrbej\u00eb p\u00ebr rritjen e p\u00ebrpjekjeve e bashk\u00ebrendimin e q\u00ebndrimeve n\u00eb kuad\u00ebr t\u00eb organizatave nd\u00ebrkomb\u00ebtare n\u00eb luft\u00ebn kund\u00ebr krimit t\u00eb organizuar, trafiqeve ilegale, dhun\u00ebs ekstreme dhe terrorizmit.\u201d- tha Cakaj.<\/p>\n<p>Vet\u00ebm nj\u00eb vit m\u00eb par\u00eb Greqia njohu patentat shqiptare por marr\u00ebveshja u miratua n\u00eb Parlamentin grek n\u00eb janarin e k\u00ebtij viti. Tashm\u00eb p\u00ebr marr\u00ebveshjen e re mbetet vet\u00ebm q\u00eb parlamenti shqiptar dhe turk ta kalojn\u00eb.<\/p>","protected":false},"excerpt":{"rendered":"<p>Ministri i Jasht\u00ebm Gent Cakaj ka n\u00ebnshkruar marr\u00ebveshjen me homologun turk p\u00ebr njohjen e patentave shqiptare n\u00eb Turqi. Po ashtu ata n\u00ebnshkruan edhe dy marr\u00ebveshje t\u00eb tjera sa i p\u00ebrket shk\u00ebmbimit t\u00eb diplomat\u00ebve si dhe n\u00eb luft\u00ebn kund\u00ebr krimit t\u00eb organizuar, korrupsionit, ekstremizmit dhe terrorizmit. \u201d\u00a0Marr\u00ebdh\u00ebniet e q\u00ebndrueshme mes dy vendeve tona jan\u00eb t\u00eb rr\u00ebnjosura [&hellip;]<\/p>\n","protected":false},"author":2013,"featured_media":121810,"comment_status":"open","ping_status":"closed","sticky":false,"template":"","format":"standard","meta":{"footnotes":""},"categories":[241,235],"tags":[],"class_list":{"0":"post-121809","1":"post","2":"type-post","3":"status-publish","4":"format-standard","5":"has-post-thumbnail","7":"category-aktualitet","8":"category-vendi"},"_links":{"self":[{"href":"https:\/\/zjarr.tv\/en\/wp-json\/wp\/v2\/posts\/121809","targetHints":{"allow":["GET"]}}],"collection":[{"href":"https:\/\/zjarr.tv\/en\/wp-json\/wp\/v2\/posts"}],"about":[{"href":"https:\/\/zjarr.tv\/en\/wp-json\/wp\/v2\/types\/post"}],"author":[{"embeddable":true,"href":"https:\/\/zjarr.tv\/en\/wp-json\/wp\/v2\/users\/2013"}],"replies":[{"embeddable":true,"href":"https:\/\/zjarr.tv\/en\/wp-json\/wp\/v2\/comments?post=121809"}],"version-history":[{"count":0,"href":"https:\/\/zjarr.tv\/en\/wp-json\/wp\/v2\/posts\/121809\/revisions"}],"wp:featuredmedia":[{"embeddable":true,"href":"https:\/\/zjarr.tv\/en\/wp-json\/wp\/v2\/media\/121810"}],"wp:attachment":[{"href":"https:\/\/zjarr.tv\/en\/wp-json\/wp\/v2\/media?parent=121809"}],"wp:term":[{"taxonomy":"category","embeddable":true,"href":"https:\/\/zjarr.tv\/en\/wp-json\/wp\/v2\/categories?post=121809"},{"taxonomy":"post_tag","embeddable":true,"href":"https:\/\/zjarr.tv\/en\/wp-json\/wp\/v2\/tags?post=121809"}],"curies":[{"name":"wp","href":"https:\/\/api.w.org\/{rel}","templated":true}]}}