{"id":121812,"date":"2020-02-12T11:45:50","date_gmt":"2020-02-12T10:45:50","guid":{"rendered":"https:\/\/zjarr.tv\/?p=121812"},"modified":"2020-02-12T11:45:50","modified_gmt":"2020-02-12T10:45:50","slug":"vettingu-shkarkon-prokurorin-e-prokurorise-se-tiranes-adnand-xhelili","status":"publish","type":"post","link":"https:\/\/zjarr.tv\/en\/vettingu-shkarkon-prokurorin-e-prokurorise-se-tiranes-adnand-xhelili\/","title":{"rendered":"Vettingu shkarkon prokurorin e Prokuroris\u00eb s\u00eb Tiran\u00ebs, Adnand Xhelili"},"content":{"rendered":"<p>Komisioni i Pavarur i Kualifikimit ka shkarkuar sot nga detyra prokurorin e Prokuroris\u00eb s\u00eb Tiran\u00ebs, Adnand Xhelili. Vendimi p\u00ebr prokurorin Xhelili \u00ebsht\u00eb marr\u00eb nga trupa gjykuese e KPK e drejtuar nga Olsi Komici, me relatore Firdes Shuli dhe an\u00ebtare Brunilda Bekteshi.<\/p>\n<p>N\u00eb seanc\u00ebn d\u00ebgjimore ai u p\u00ebrball me probleme t\u00eb pasuris\u00eb s\u00eb tij. Problemet kryesore q\u00eb dol\u00ebn nga relatimi n\u00eb seanc\u00eb d\u00ebgjimore lidhen me dy pasurit\u00eb kryesore t\u00eb familjes s\u00eb prokurorit Xhelili, nj\u00eb apartament me sip\u00ebrfaqe 117 m2 n\u00eb Tiran\u00eb dhe nj\u00eb vil\u00eb trekat\u00ebshe n\u00eb Borsh t\u00eb Lukov\u00ebs.<\/p>\n<p>Relatorja Shuli shpjegoi se Xhelili e kishte bler\u00eb apartamentin si i pastreh\u00eb nga Enti i Banesave n\u00eb vler\u00ebn 1.1 milion\u00eb lek\u00eb dhe e ka shlyer p\u00ebr periudh\u00ebn 1999-2005. Komisioni konstatoi mosp\u00ebrputhje t\u00eb burimit t\u00eb deklaruar n\u00eb vitin 2003 me at\u00eb n\u00eb deklarat\u00ebn veting, pasi n\u00eb t\u00eb par\u00ebn \u00ebsht\u00eb sh\u00ebnuar kredia, nd\u00ebrsa tek e dyta kursimet familjare.<\/p>\n<p>Mosp\u00ebrputhje n\u00eb deklarata \u00ebsht\u00eb konstatuar edhe p\u00ebr vler\u00ebn e apartamentit. Shuli theksoi se prokurori Xhelili nuk ka dh\u00ebn\u00eb fillimisht shpjegime p\u00ebr k\u00ebto gjetje, por pas p\u00ebrfundimit t\u00eb hetimit ka dor\u00ebzuar prova t\u00eb reja, t\u00eb cilat do t\u00eb vler\u00ebsohen gjat\u00eb vendimarrjes.<\/p>","protected":false},"excerpt":{"rendered":"<p>Komisioni i Pavarur i Kualifikimit ka shkarkuar sot nga detyra prokurorin e Prokuroris\u00eb s\u00eb Tiran\u00ebs, Adnand Xhelili. Vendimi p\u00ebr prokurorin Xhelili \u00ebsht\u00eb marr\u00eb nga trupa gjykuese e KPK e drejtuar nga Olsi Komici, me relatore Firdes Shuli dhe an\u00ebtare Brunilda Bekteshi. N\u00eb seanc\u00ebn d\u00ebgjimore ai u p\u00ebrball me probleme t\u00eb pasuris\u00eb s\u00eb tij. Problemet kryesore [&hellip;]<\/p>\n","protected":false},"author":2013,"featured_media":121813,"comment_status":"open","ping_status":"closed","sticky":false,"template":"","format":"standard","meta":{"footnotes":""},"categories":[241,235],"tags":[],"class_list":{"0":"post-121812","1":"post","2":"type-post","3":"status-publish","4":"format-standard","5":"has-post-thumbnail","7":"category-aktualitet","8":"category-vendi"},"_links":{"self":[{"href":"https:\/\/zjarr.tv\/en\/wp-json\/wp\/v2\/posts\/121812","targetHints":{"allow":["GET"]}}],"collection":[{"href":"https:\/\/zjarr.tv\/en\/wp-json\/wp\/v2\/posts"}],"about":[{"href":"https:\/\/zjarr.tv\/en\/wp-json\/wp\/v2\/types\/post"}],"author":[{"embeddable":true,"href":"https:\/\/zjarr.tv\/en\/wp-json\/wp\/v2\/users\/2013"}],"replies":[{"embeddable":true,"href":"https:\/\/zjarr.tv\/en\/wp-json\/wp\/v2\/comments?post=121812"}],"version-history":[{"count":0,"href":"https:\/\/zjarr.tv\/en\/wp-json\/wp\/v2\/posts\/121812\/revisions"}],"wp:featuredmedia":[{"embeddable":true,"href":"https:\/\/zjarr.tv\/en\/wp-json\/wp\/v2\/media\/121813"}],"wp:attachment":[{"href":"https:\/\/zjarr.tv\/en\/wp-json\/wp\/v2\/media?parent=121812"}],"wp:term":[{"taxonomy":"category","embeddable":true,"href":"https:\/\/zjarr.tv\/en\/wp-json\/wp\/v2\/categories?post=121812"},{"taxonomy":"post_tag","embeddable":true,"href":"https:\/\/zjarr.tv\/en\/wp-json\/wp\/v2\/tags?post=121812"}],"curies":[{"name":"wp","href":"https:\/\/api.w.org\/{rel}","templated":true}]}}