{"id":121815,"date":"2020-02-12T11:47:34","date_gmt":"2020-02-12T10:47:34","guid":{"rendered":"https:\/\/zjarr.tv\/?p=121815"},"modified":"2020-02-12T11:47:34","modified_gmt":"2020-02-12T10:47:34","slug":"ambasadorja-yuri-kim-mberrin-ne-kryesine-e-kuvendit-nis-takimin-me-taulant-ballen","status":"publish","type":"post","link":"https:\/\/zjarr.tv\/en\/ambasadorja-yuri-kim-mberrin-ne-kryesine-e-kuvendit-nis-takimin-me-taulant-ballen\/","title":{"rendered":"Ambasadorja Yuri Kim mb\u00ebrrin n\u00eb Kryesin\u00eb e Kuvendit, nis takimin me Taulant Ball\u00ebn"},"content":{"rendered":"<p>Ambasadorja e SHBA n\u00eb Tiran\u00eb, Yuri Kim, ka shkuar k\u00ebt\u00eb paradite n\u00eb Kryesin\u00eb e Kuvendit. Ambasadorja Kim po zhvillon nj\u00eb takim me kreun e Grupit Parlamentar t\u00eb Partis\u00eb Socialiste, Taulant Balla. Takimi sapo ka nisur, nd\u00ebrsa m\u00eb posht\u00eb iu sjellim pamjet e para kur ambasadorja hyn n\u00eb Kuvend dhe nis takimin me Ball\u00ebn, nd\u00ebrsa nuk dihen ende temat q\u00eb do t\u00eb diskutohen. Ambasadorja Yuri kim po zhvillon takime me shumic\u00ebn e politikan\u00ebve n\u00eb vend, pas marrjes zyrtarisht t\u00eb detyr\u00ebs, n\u00eb fund t\u00eb muajit janar.<\/p>","protected":false},"excerpt":{"rendered":"<p>Ambasadorja e SHBA n\u00eb Tiran\u00eb, Yuri Kim, ka shkuar k\u00ebt\u00eb paradite n\u00eb Kryesin\u00eb e Kuvendit. Ambasadorja Kim po zhvillon nj\u00eb takim me kreun e Grupit Parlamentar t\u00eb Partis\u00eb Socialiste, Taulant Balla. Takimi sapo ka nisur, nd\u00ebrsa m\u00eb posht\u00eb iu sjellim pamjet e para kur ambasadorja hyn n\u00eb Kuvend dhe nis takimin me Ball\u00ebn, nd\u00ebrsa nuk [&hellip;]<\/p>\n","protected":false},"author":2013,"featured_media":121002,"comment_status":"open","ping_status":"closed","sticky":false,"template":"","format":"standard","meta":{"footnotes":""},"categories":[241,235],"tags":[],"class_list":{"0":"post-121815","1":"post","2":"type-post","3":"status-publish","4":"format-standard","5":"has-post-thumbnail","7":"category-aktualitet","8":"category-vendi"},"_links":{"self":[{"href":"https:\/\/zjarr.tv\/en\/wp-json\/wp\/v2\/posts\/121815","targetHints":{"allow":["GET"]}}],"collection":[{"href":"https:\/\/zjarr.tv\/en\/wp-json\/wp\/v2\/posts"}],"about":[{"href":"https:\/\/zjarr.tv\/en\/wp-json\/wp\/v2\/types\/post"}],"author":[{"embeddable":true,"href":"https:\/\/zjarr.tv\/en\/wp-json\/wp\/v2\/users\/2013"}],"replies":[{"embeddable":true,"href":"https:\/\/zjarr.tv\/en\/wp-json\/wp\/v2\/comments?post=121815"}],"version-history":[{"count":0,"href":"https:\/\/zjarr.tv\/en\/wp-json\/wp\/v2\/posts\/121815\/revisions"}],"wp:featuredmedia":[{"embeddable":true,"href":"https:\/\/zjarr.tv\/en\/wp-json\/wp\/v2\/media\/121002"}],"wp:attachment":[{"href":"https:\/\/zjarr.tv\/en\/wp-json\/wp\/v2\/media?parent=121815"}],"wp:term":[{"taxonomy":"category","embeddable":true,"href":"https:\/\/zjarr.tv\/en\/wp-json\/wp\/v2\/categories?post=121815"},{"taxonomy":"post_tag","embeddable":true,"href":"https:\/\/zjarr.tv\/en\/wp-json\/wp\/v2\/tags?post=121815"}],"curies":[{"name":"wp","href":"https:\/\/api.w.org\/{rel}","templated":true}]}}