{"id":121817,"date":"2020-02-12T11:55:20","date_gmt":"2020-02-12T10:55:20","guid":{"rendered":"https:\/\/zjarr.tv\/?p=121817"},"modified":"2020-02-12T11:55:20","modified_gmt":"2020-02-12T10:55:20","slug":"salianji-pse-nuk-vepron-ligji-per-vellane-e-kryeminstrit","status":"publish","type":"post","link":"https:\/\/zjarr.tv\/en\/salianji-pse-nuk-vepron-ligji-per-vellane-e-kryeminstrit\/","title":{"rendered":"Salianji: Pse nuk vepron ligji p\u00ebr v\u00ebllan\u00eb e kryeminstrit"},"content":{"rendered":"<p>P\u00ebrmes ish-deputetit Ervin Salianji, PD denoncoi sot se Policia e Shtetit \u00ebsht\u00eb e udh\u00ebzuar t\u00eb mos ndaloj\u00eb n\u00eb asnj\u00eb rrethan\u00eb automjetin e blinduar Linkoln me targ\u00eb TR 0370 T n\u00eb pron\u00ebsi t\u00eb Olsi Ram\u00ebs dhe q\u00eb p\u00ebrdoret nga Edi Rama. Salianji k\u00ebrkoi nga kryeministri Rama dhe ministri Lleshaj, t\u2019u thon\u00eb shqiptar\u00ebve pse nuk vepron ligji p\u00ebr v\u00ebllan\u00eb e kryeminstrit, por edhe p\u00ebr pasurin\u00eb e bashk\u00ebpun\u00ebtor\u00ebve t\u00eb tij, d\u00ebnuar p\u00ebr kokain\u00ebn n\u00eb Xibrak\u00eb.<\/p>\n<p><strong>Deklarata e plot\u00eb:<\/strong><br \/>\nEdi Rama dhe ushtari i tij n\u00eb Minsitrin\u00eb e Brendshme, Sand\u00ebr Lleshaj kan\u00eb standard t\u00eb dyfisht\u00eb n\u00eb zbatimin e ligjit. Ata urdh\u00ebrojn\u00eb shfaqje propagandistike me bllokimin e automjeteve t\u00eb blinduara, t\u00eb pajisur me leje t\u00eb l\u00ebshuara nga vet\u00eb policia, por nuk bllokojn\u00eb makin\u00ebn e blinduar t\u00eb Olsi Ram\u00ebs.<\/p>\n<p>Partia Demokratike solli fakte se mjeti i blinduar me t\u00eb cilin Edi Rama l\u00ebviz n\u00eb shkelje t\u00eb rregullave, i p\u00ebrket Olsi Ram\u00ebs. Megjithat\u00eb i ashtuquajturi Operacion i Forc\u00ebs s\u00eb Ligjit dhe Policia e Shtetit vazhdojn\u00eb t\u00eb heshtin, duke mos dh\u00ebn\u00eb asnj\u00eb shpjegim pse Olsi Rama \u00ebsht\u00eb i papreksh\u00ebm dhe mbi ligjin.<\/p>\n<p>Partia Demokratike disponon t\u00eb dh\u00ebna t\u00eb plota se Policia e Shtetit \u00ebsht\u00eb e udh\u00ebzuar t\u00eb mos ndaloj\u00eb n\u00eb asnj\u00eb rrethan\u00eb automjetin e blinduar Linkoln me targ\u00ebn TR 0370 T.<\/p>\n<p>Makina e blinduar e Olsi Ram\u00ebs l\u00ebviz si t\u00eb kishte imunitet diplomatik, nj\u00ebsoj si\u00e7 l\u00ebvizte makina private e Saimir Tahirit, audi AA 003 GB, q\u00eb p\u00ebrdorej nga trafikant\u00ebt e drog\u00ebs s\u00eb band\u00ebs s\u00eb Habiljave.<\/p>\n<p>Edi Rama dhe Sand\u00ebr Lleshaj duhet t\u2019u thon\u00eb shqiptar\u00ebve pse nuk vepron ligji p\u00ebr v\u00ebllan\u00eb e kryeminsitrit. Jo vet\u00ebm p\u00ebr sutomjetin e tij t\u00eb blondiar, por edhe p\u00ebr pasurin\u00eb e bashk\u00ebpun\u00ebtor\u00ebve dhe miqve t\u00eb tij t\u00eb d\u00ebnuar p\u00ebr ngritjen e laboratorit t\u00eb kokain\u00ebs n\u00eb Xibrak\u00eb.<\/p>\n<p>Edi Rama duhet t\u2019i jap\u00eb shqiptar\u00ebve edhe nj\u00eb shpjegim tjet\u00ebr q\u00eb lidhet direkt me v\u00ebllan\u00eb e tij, makin\u00ebn e blunduar t\u00eb t\u00eb cilit ai e p\u00ebrdor n\u00eb shkelje t\u00eb rregullave dhe i jep imunitetin e t\u00eb paprekshmit nga pokciia.<\/p>\n<p>N\u00eb \u00e7far\u00eb aferash \u00ebsht\u00eb p\u00ebrfshir\u00eb Olsi Rama dhe \u00e7far\u00eb e rrezikon at\u00eb, duke e detyruar t\u00eb p\u00ebrdor\u00eb nj\u00eb makin\u00eb t\u00eb blinduar, e krijuar p\u00ebr mbrojtjen nga goditja me arm\u00eb zjarri?<\/p>\n<p>Spektakli me makinat e blinduara \u00ebsht\u00eb nj\u00eb fllusk\u00eb e propagand\u00ebs bajate t\u00eb Edi Ram\u00ebs. Edhe gjoja spektakli me sekuestrimin e pasurive t\u00eb krimit t\u00eb organizuar po rezulton nj\u00eb d\u00ebshtim, sepse nj\u00eb kryeminist\u00ebr q\u00eb ka p\u00ebrdorur parat\u00eb e krimit p\u00ebr t\u00eb ardhur n\u00eb pushtet dhe p\u00ebr ta mbajtur pushtetin nuk mund t\u00eb luftoj\u00eb krimin.<\/p>\n<p>Lufta e v\u00ebrtet\u00eb kund\u00ebr krimit t\u00eb organizuar do t\u00eb thot\u00eb q\u00eb Edi Rama t\u00eb pres\u00eb vet\u00eb k\u00ebmb\u00ebt e karriges ku \u00ebsht\u00eb ulur, por ai nuk ka vullnetin p\u00ebr ta b\u00ebr\u00eb k\u00ebt\u00eb.<\/p>\n<p>E gjith\u00eb karriera e tij politike \u00ebsht\u00eb bazuar tek trafikant\u00ebt e drog\u00ebs.<\/p>\n<p>P\u00ebr 17 vjet me rradh\u00eb, 11 vjet si kryear bashkie dhe 6 vjet si kryeminist\u00ebr, Edi Rama ka pastruar para me ta, duke u dh\u00ebn\u00eb leje nd\u00ebrtimi, koncesione tendera dhe pasuri publike.<\/p>\n<p>Shqiptar\u00ebt nuk e besojn\u00eb Edi Ram\u00ebn! Ai \u00ebsht\u00eb produkt i krimit dhe i korrupsionit. I vetmi kundravirus ndaj tij \u00ebsht\u00eb vota e lir\u00eb, jan\u00eb zgjedhjet e lira e t\u00eb ndershme!<\/p>","protected":false},"excerpt":{"rendered":"<p>P\u00ebrmes ish-deputetit Ervin Salianji, PD denoncoi sot se Policia e Shtetit \u00ebsht\u00eb e udh\u00ebzuar t\u00eb mos ndaloj\u00eb n\u00eb asnj\u00eb rrethan\u00eb automjetin e blinduar Linkoln me targ\u00eb TR 0370 T n\u00eb pron\u00ebsi t\u00eb Olsi Ram\u00ebs dhe q\u00eb p\u00ebrdoret nga Edi Rama. Salianji k\u00ebrkoi nga kryeministri Rama dhe ministri Lleshaj, t\u2019u thon\u00eb shqiptar\u00ebve pse nuk vepron ligji [&hellip;]<\/p>\n","protected":false},"author":2013,"featured_media":52648,"comment_status":"open","ping_status":"closed","sticky":false,"template":"","format":"standard","meta":{"footnotes":""},"categories":[241,235],"tags":[],"class_list":{"0":"post-121817","1":"post","2":"type-post","3":"status-publish","4":"format-standard","5":"has-post-thumbnail","7":"category-aktualitet","8":"category-vendi"},"_links":{"self":[{"href":"https:\/\/zjarr.tv\/en\/wp-json\/wp\/v2\/posts\/121817","targetHints":{"allow":["GET"]}}],"collection":[{"href":"https:\/\/zjarr.tv\/en\/wp-json\/wp\/v2\/posts"}],"about":[{"href":"https:\/\/zjarr.tv\/en\/wp-json\/wp\/v2\/types\/post"}],"author":[{"embeddable":true,"href":"https:\/\/zjarr.tv\/en\/wp-json\/wp\/v2\/users\/2013"}],"replies":[{"embeddable":true,"href":"https:\/\/zjarr.tv\/en\/wp-json\/wp\/v2\/comments?post=121817"}],"version-history":[{"count":0,"href":"https:\/\/zjarr.tv\/en\/wp-json\/wp\/v2\/posts\/121817\/revisions"}],"wp:featuredmedia":[{"embeddable":true,"href":"https:\/\/zjarr.tv\/en\/wp-json\/wp\/v2\/media\/52648"}],"wp:attachment":[{"href":"https:\/\/zjarr.tv\/en\/wp-json\/wp\/v2\/media?parent=121817"}],"wp:term":[{"taxonomy":"category","embeddable":true,"href":"https:\/\/zjarr.tv\/en\/wp-json\/wp\/v2\/categories?post=121817"},{"taxonomy":"post_tag","embeddable":true,"href":"https:\/\/zjarr.tv\/en\/wp-json\/wp\/v2\/tags?post=121817"}],"curies":[{"name":"wp","href":"https:\/\/api.w.org\/{rel}","templated":true}]}}