{"id":121819,"date":"2020-02-12T12:05:07","date_gmt":"2020-02-12T11:05:07","guid":{"rendered":"https:\/\/zjarr.tv\/?p=121819"},"modified":"2020-02-12T12:05:07","modified_gmt":"2020-02-12T11:05:07","slug":"kujtim-gjuzit-ta-shoh-flamurin-te-varur-ne-cdo-komision","status":"publish","type":"post","link":"https:\/\/zjarr.tv\/en\/kujtim-gjuzit-ta-shoh-flamurin-te-varur-ne-cdo-komision\/","title":{"rendered":"Kujtim Gjuzit: Ta shoh flamurin t\u00eb varur n\u00eb \u00e7do komision"},"content":{"rendered":"<p>Kreu i Partis\u00eb Konservatore, Kujtim Gjuzi, i dhuroi deputetit socialist, Evin Bushati, nj\u00eb flamur komb\u00ebtar, duke k\u00ebrkuar n\u00eb Kuvend, q\u00eb ai t\u00eb mbahet n\u00eb \u00e7do komision dhe institucion. Sipas Gjuzit, n\u00eb Kuvend kan\u00eb ardhur konservator\u00ebt, ndaj dhe duhet mbajtur flamuri komb\u00ebtar, ndryshe ai do i k\u00ebrkoj\u00eb kryeministrit t\u00eb shkarkoj\u00eb drejtor\u00ebt.<\/p>\n<p>\u201cKam dal\u00eb k\u00ebtu edhe p\u00ebr nj\u00eb \u00e7\u00ebshtje procedure. Sot jemi n\u00eb Tiran\u00ebn 100 vjet qeveri shqiptare, prandaj do iu k\u00ebrkoja z.n\u00ebnkryetare, meq\u00eb nuk \u00ebsht\u00eb kryetari Ru\u00e7i k\u00ebtu, nuk dua si kryetar i Partis\u00eb Konservatore, si deputet, t\u00eb shoh komisione, q\u00eb iu mungon flamuri komb\u00ebtar, nuk ka shans m\u00eb. Ka ardhur Partia Konservatore k\u00ebtu, e kam ruajtur flamurin e q\u00ebndisur nga familja e Kazaz\u00ebve dhe Belishova, e keni k\u00ebtu ju z.kryetare, s\u00eb bashku me z. Bushati.<\/p>\n<p>Ku \u00ebsht\u00eb z. Bushati, t\u00eb vij\u00eb ta marr\u00eb k\u00ebtu. Ky flamur duhet t\u00eb jet\u00eb n\u00eb \u00e7do komision, n\u00eb \u00e7do institucion, n\u00ebse Kujtim Gjuzi nuk do ta shoh, menj\u00ebher\u00eb drejtorit do i k\u00ebrkoj kryeministrit ta shkarkoj\u00eb, n\u00eb \u00e7do sekond\u00eb. \u00cbsht\u00eb i q\u00ebndisur me dor\u00eb, si i Marigos\u00eb\u201d, ka th\u00ebn\u00eb Gjuzi n\u00eb Kuvend.<\/p>","protected":false},"excerpt":{"rendered":"<p>Kreu i Partis\u00eb Konservatore, Kujtim Gjuzi, i dhuroi deputetit socialist, Evin Bushati, nj\u00eb flamur komb\u00ebtar, duke k\u00ebrkuar n\u00eb Kuvend, q\u00eb ai t\u00eb mbahet n\u00eb \u00e7do komision dhe institucion. Sipas Gjuzit, n\u00eb Kuvend kan\u00eb ardhur konservator\u00ebt, ndaj dhe duhet mbajtur flamuri komb\u00ebtar, ndryshe ai do i k\u00ebrkoj\u00eb kryeministrit t\u00eb shkarkoj\u00eb drejtor\u00ebt. \u201cKam dal\u00eb k\u00ebtu edhe p\u00ebr [&hellip;]<\/p>\n","protected":false},"author":2013,"featured_media":121820,"comment_status":"open","ping_status":"closed","sticky":false,"template":"","format":"standard","meta":{"footnotes":""},"categories":[241,235],"tags":[],"class_list":{"0":"post-121819","1":"post","2":"type-post","3":"status-publish","4":"format-standard","5":"has-post-thumbnail","7":"category-aktualitet","8":"category-vendi"},"_links":{"self":[{"href":"https:\/\/zjarr.tv\/en\/wp-json\/wp\/v2\/posts\/121819","targetHints":{"allow":["GET"]}}],"collection":[{"href":"https:\/\/zjarr.tv\/en\/wp-json\/wp\/v2\/posts"}],"about":[{"href":"https:\/\/zjarr.tv\/en\/wp-json\/wp\/v2\/types\/post"}],"author":[{"embeddable":true,"href":"https:\/\/zjarr.tv\/en\/wp-json\/wp\/v2\/users\/2013"}],"replies":[{"embeddable":true,"href":"https:\/\/zjarr.tv\/en\/wp-json\/wp\/v2\/comments?post=121819"}],"version-history":[{"count":0,"href":"https:\/\/zjarr.tv\/en\/wp-json\/wp\/v2\/posts\/121819\/revisions"}],"wp:featuredmedia":[{"embeddable":true,"href":"https:\/\/zjarr.tv\/en\/wp-json\/wp\/v2\/media\/121820"}],"wp:attachment":[{"href":"https:\/\/zjarr.tv\/en\/wp-json\/wp\/v2\/media?parent=121819"}],"wp:term":[{"taxonomy":"category","embeddable":true,"href":"https:\/\/zjarr.tv\/en\/wp-json\/wp\/v2\/categories?post=121819"},{"taxonomy":"post_tag","embeddable":true,"href":"https:\/\/zjarr.tv\/en\/wp-json\/wp\/v2\/tags?post=121819"}],"curies":[{"name":"wp","href":"https:\/\/api.w.org\/{rel}","templated":true}]}}