{"id":121822,"date":"2020-02-12T12:08:12","date_gmt":"2020-02-12T11:08:12","guid":{"rendered":"https:\/\/zjarr.tv\/?p=121822"},"modified":"2020-02-12T12:08:12","modified_gmt":"2020-02-12T11:08:12","slug":"sokol-olldashi-vuri-ne-pranga-gjithe-bandat-maliqi-perplaset-me-lleshajn-ne-kuvend-ministri-ska-emergjence-per-krimin-ja-pse-u-be-anti-kck-ja","status":"publish","type":"post","link":"https:\/\/zjarr.tv\/en\/sokol-olldashi-vuri-ne-pranga-gjithe-bandat-maliqi-perplaset-me-lleshajn-ne-kuvend-ministri-ska-emergjence-per-krimin-ja-pse-u-be-anti-kck-ja\/","title":{"rendered":"\u201cSokol Olldashi vuri n\u00eb pranga gjith\u00eb bandat\u201d! Maliqi p\u00ebrplaset me Lleshajn n\u00eb Kuvend, ministri: S\u2019ka emergjenc\u00eb p\u00ebr krimin, ja pse u b\u00eb \u201cAnti-K\u00c7K-ja\u201d"},"content":{"rendered":"<p>Ministri i Brendsh\u00ebm, Sand\u00ebr Lleshaj, \u00ebsht\u00eb p\u00ebrplasur me deputetin Lefter Maliqi, teksa ishte thirrur n\u00eb interpelanc\u00eb n\u00eb Kuvend p\u00ebr situat\u00ebn e krimit n\u00eb vend.<\/p>\n<p>Teksa ministri Lleshaj tha se krimi \u00ebsht\u00eb luftuar dhe goditur dhe se situata nuk \u00ebsht\u00eb m\u00eb si m\u00eb par\u00eb, ka replikuar deputeti Maliqi, duke th\u00ebn\u00eb se situata n\u00eb t\u00eb v\u00ebrtet\u00eb \u00ebsht\u00eb shum\u00eb m\u00eb keq, pasi sipas tij, shteti po bashk\u00ebpunon me krimin.<\/p>\n<p>Lefter Maliqi: Z. minist\u00ebr, ato zgjedhjet lokale mos i p\u00ebrmend m\u00eb, se dhe ato kryebashkiak\u00ebt q\u00eb keni aty, ca po ua rrahin, ca po iu ikin nga dekriminalizimi. That\u00eb q\u00eb situata \u00ebsht\u00eb p\u00ebrmir\u00ebsuar, krimi \u00ebsht\u00eb v\u00ebn\u00eb pas hekurave, disa citate e poezira\u2026 N\u00eb vendin ton\u00eb, nj\u00ebri u vra me snajper, e krimineli nuk \u00ebsht\u00eb kapur. T\u2019u lidh nj\u00eb grua atje, e nuk dihet kush e b\u00ebri. Nuk dihet ku jan\u00eb kockat e atij q\u00eb u rr\u00ebmbye. Po iu hidhen tritole shefave t\u00eb policis\u00eb, grabitje n\u00eb Durr\u00ebs, e m\u00eb pas plagoset i zoti i sht\u00ebpis\u00eb, vrasje n\u00eb Tropoj\u00eb\u2026 pra, nuk di \u00e7far\u00eb t\u00eb thuash me k\u00ebt\u00eb situat\u00eb. Ju nuk doni t\u2019ia dini. E katandis\u00ebt k\u00ebt\u00eb vend.<\/p>\n<p>Si mund ta p\u00ebrdor\u00ebsh ti gazin lotsjell\u00ebs ndaj n\u00ebn\u00ebs, f\u00ebmij\u00ebs, gruas. Nj\u00ebher\u00eb thua nuk kemi marr\u00eb bomba e granata nga Kosova, tani thua q\u00eb kemi marr\u00eb. Po ti nuk ke faj, se ti nuk e ushtron dot rolin e ministrit.<\/p>\n<p>Lleshaj: Nuk ka emergjenc\u00eb, edhe ligji q\u00eb b\u00ebm\u00eb kund\u00ebr krimit nuk paraqet aspak emergjenc\u00eb n\u00eb vend. Ai \u00ebsht\u00eb nj\u00eb ligj, q\u00eb administron masa administrative kund\u00ebr pasuris\u00eb s\u00eb krimit. Emergjente \u00ebsht\u00eb vet\u00ebm se pasuria e krimit nuk \u00ebsht\u00eb prekur. Edhe akti normativ k\u00ebrkon t\u00eb zgjidh\u00eb \u00e7\u00ebshtjet e pasurive t\u00eb pajustifikuara.<\/p>\n<p>Maliqi: E ke kthyer policin\u00eb e shtetit, duke vendosur gjoba vend e pa vend, duke mb\u00ebshtetur institucionet p\u00ebr prishje banesash n\u00eb m\u00ebnyr\u00eb arbitrare, nd\u00ebrkoh\u00eb q\u00eb jan\u00eb larg detyr\u00ebs s\u00eb tyre p\u00ebr zbulimin e krimit. Po t\u00eb doj\u00eb shteti, p\u00ebr nj\u00eb muaj vendoset rendi n\u00eb Shqip\u00ebri. N\u00ebse k\u00ebta nuk bashk\u00ebpunojn\u00eb me krimin, nuk i d\u00ebgjojn\u00eb kriminel\u00ebt p\u00ebr em\u00ebrime, jeni t\u00eb sigurt q\u00eb krimi nuk z\u00eb vend. Po p\u00ebrmend t\u00eb ndjerin Sokol Olldashin, q\u00eb vuri n\u00eb pranga t\u00eb gjitha bandat kriminale m\u00eb t\u00eb rrezikshme nga Vlora, Elbasani, etj, q\u00eb nj\u00eb pjes\u00eb e tyre edhe ka dal\u00eb. Por, k\u00ebta nuk e kan\u00eb mendjen, e kan\u00eb mendjen vet\u00ebm p\u00ebr show.<\/p>","protected":false},"excerpt":{"rendered":"<p>Ministri i Brendsh\u00ebm, Sand\u00ebr Lleshaj, \u00ebsht\u00eb p\u00ebrplasur me deputetin Lefter Maliqi, teksa ishte thirrur n\u00eb interpelanc\u00eb n\u00eb Kuvend p\u00ebr situat\u00ebn e krimit n\u00eb vend. Teksa ministri Lleshaj tha se krimi \u00ebsht\u00eb luftuar dhe goditur dhe se situata nuk \u00ebsht\u00eb m\u00eb si m\u00eb par\u00eb, ka replikuar deputeti Maliqi, duke th\u00ebn\u00eb se situata n\u00eb t\u00eb v\u00ebrtet\u00eb \u00ebsht\u00eb [&hellip;]<\/p>\n","protected":false},"author":2013,"featured_media":91257,"comment_status":"open","ping_status":"closed","sticky":false,"template":"","format":"standard","meta":{"footnotes":""},"categories":[241,235],"tags":[],"class_list":{"0":"post-121822","1":"post","2":"type-post","3":"status-publish","4":"format-standard","5":"has-post-thumbnail","7":"category-aktualitet","8":"category-vendi"},"_links":{"self":[{"href":"https:\/\/zjarr.tv\/en\/wp-json\/wp\/v2\/posts\/121822","targetHints":{"allow":["GET"]}}],"collection":[{"href":"https:\/\/zjarr.tv\/en\/wp-json\/wp\/v2\/posts"}],"about":[{"href":"https:\/\/zjarr.tv\/en\/wp-json\/wp\/v2\/types\/post"}],"author":[{"embeddable":true,"href":"https:\/\/zjarr.tv\/en\/wp-json\/wp\/v2\/users\/2013"}],"replies":[{"embeddable":true,"href":"https:\/\/zjarr.tv\/en\/wp-json\/wp\/v2\/comments?post=121822"}],"version-history":[{"count":0,"href":"https:\/\/zjarr.tv\/en\/wp-json\/wp\/v2\/posts\/121822\/revisions"}],"wp:featuredmedia":[{"embeddable":true,"href":"https:\/\/zjarr.tv\/en\/wp-json\/wp\/v2\/media\/91257"}],"wp:attachment":[{"href":"https:\/\/zjarr.tv\/en\/wp-json\/wp\/v2\/media?parent=121822"}],"wp:term":[{"taxonomy":"category","embeddable":true,"href":"https:\/\/zjarr.tv\/en\/wp-json\/wp\/v2\/categories?post=121822"},{"taxonomy":"post_tag","embeddable":true,"href":"https:\/\/zjarr.tv\/en\/wp-json\/wp\/v2\/tags?post=121822"}],"curies":[{"name":"wp","href":"https:\/\/api.w.org\/{rel}","templated":true}]}}