{"id":121828,"date":"2020-02-12T12:12:34","date_gmt":"2020-02-12T11:12:34","guid":{"rendered":"https:\/\/zjarr.tv\/?p=121828"},"modified":"2020-02-12T12:12:34","modified_gmt":"2020-02-12T11:12:34","slug":"operacioni-forca-e-ligjit-13-emra-i-dorezohen-spak-per-verifikimet-e-nevojshme","status":"publish","type":"post","link":"https:\/\/zjarr.tv\/en\/operacioni-forca-e-ligjit-13-emra-i-dorezohen-spak-per-verifikimet-e-nevojshme\/","title":{"rendered":"Operacioni Forca e Ligjit, 13 emra i dor\u00ebzohen SPAK p\u00ebr verifikimet e nevojshme"},"content":{"rendered":"<p>13 emra t\u00eb publikuar nga Operacioni Forca e Ligjit jan\u00eb dor\u00ebzuar nga Policia e Shtetit n\u00eb drejtim t\u00eb Prokuroris\u00eb s\u00eb Posa\u00e7me.<\/p>\n<p>T\u00eb gjitha rastet u jan\u00eb shp\u00ebrndar\u00eb prokuror\u00ebve t\u00eb struktur\u00ebs, t\u00eb cil\u00ebt po b\u00ebjn\u00eb verifikimet e nevojshme.<\/p>\n<p>Nuk p\u00ebrjashtohet mund\u00ebsia q\u00eb nj\u00eb pjes\u00eb e tyre t&#8217;i rikthehen Policis\u00eb p\u00ebr plot\u00ebsime t\u00eb m\u00ebtejshme.<\/p>\n<p>N\u00eb GJKKO nuk ka mb\u00ebrritur asnj\u00eb k\u00ebrkes\u00eb nga SPAK, nd\u00ebrsa burime nga gjykata b\u00ebjn\u00eb me dije se jan\u00eb p\u00ebrgatitur regjistrat p\u00ebr masat urgjente parandaluese p\u00ebr sekuestrimin e pronave q\u00eb nuk justifikohet, t\u00eb cilat pritet t\u00eb dor\u00ebzohen nga SPAK.<\/p>\n<p>Ky i fundit ka edhe 6 dit\u00eb koh\u00eb p\u00ebr dor\u00ebzimin e k\u00ebrkes\u00ebs s\u00eb par\u00eb, t\u00eb dit\u00ebs s\u00eb par\u00eb t\u00eb fillimit t\u00eb pun\u00ebs s\u00eb OFL.<\/p>","protected":false},"excerpt":{"rendered":"<p>13 emra t\u00eb publikuar nga Operacioni Forca e Ligjit jan\u00eb dor\u00ebzuar nga Policia e Shtetit n\u00eb drejtim t\u00eb Prokuroris\u00eb s\u00eb Posa\u00e7me. T\u00eb gjitha rastet u jan\u00eb shp\u00ebrndar\u00eb prokuror\u00ebve t\u00eb struktur\u00ebs, t\u00eb cil\u00ebt po b\u00ebjn\u00eb verifikimet e nevojshme. Nuk p\u00ebrjashtohet mund\u00ebsia q\u00eb nj\u00eb pjes\u00eb e tyre t&#8217;i rikthehen Policis\u00eb p\u00ebr plot\u00ebsime t\u00eb m\u00ebtejshme. N\u00eb GJKKO nuk [&hellip;]<\/p>\n","protected":false},"author":2013,"featured_media":121275,"comment_status":"open","ping_status":"closed","sticky":false,"template":"","format":"standard","meta":{"footnotes":""},"categories":[241,235],"tags":[],"class_list":{"0":"post-121828","1":"post","2":"type-post","3":"status-publish","4":"format-standard","5":"has-post-thumbnail","7":"category-aktualitet","8":"category-vendi"},"_links":{"self":[{"href":"https:\/\/zjarr.tv\/en\/wp-json\/wp\/v2\/posts\/121828","targetHints":{"allow":["GET"]}}],"collection":[{"href":"https:\/\/zjarr.tv\/en\/wp-json\/wp\/v2\/posts"}],"about":[{"href":"https:\/\/zjarr.tv\/en\/wp-json\/wp\/v2\/types\/post"}],"author":[{"embeddable":true,"href":"https:\/\/zjarr.tv\/en\/wp-json\/wp\/v2\/users\/2013"}],"replies":[{"embeddable":true,"href":"https:\/\/zjarr.tv\/en\/wp-json\/wp\/v2\/comments?post=121828"}],"version-history":[{"count":0,"href":"https:\/\/zjarr.tv\/en\/wp-json\/wp\/v2\/posts\/121828\/revisions"}],"wp:featuredmedia":[{"embeddable":true,"href":"https:\/\/zjarr.tv\/en\/wp-json\/wp\/v2\/media\/121275"}],"wp:attachment":[{"href":"https:\/\/zjarr.tv\/en\/wp-json\/wp\/v2\/media?parent=121828"}],"wp:term":[{"taxonomy":"category","embeddable":true,"href":"https:\/\/zjarr.tv\/en\/wp-json\/wp\/v2\/categories?post=121828"},{"taxonomy":"post_tag","embeddable":true,"href":"https:\/\/zjarr.tv\/en\/wp-json\/wp\/v2\/tags?post=121828"}],"curies":[{"name":"wp","href":"https:\/\/api.w.org\/{rel}","templated":true}]}}