{"id":121830,"date":"2020-02-12T14:18:03","date_gmt":"2020-02-12T13:18:03","guid":{"rendered":"https:\/\/zjarr.tv\/?p=121830"},"modified":"2020-02-12T14:18:03","modified_gmt":"2020-02-12T13:18:03","slug":"edi-rama-e-kemi-trembur-ne-palce-krimin-e-organizuar-me-ofl-ka-politikane-te-lidhur-me-krimin","status":"publish","type":"post","link":"https:\/\/zjarr.tv\/en\/edi-rama-e-kemi-trembur-ne-palce-krimin-e-organizuar-me-ofl-ka-politikane-te-lidhur-me-krimin\/","title":{"rendered":"Edi Rama: E kemi trembur n\u00eb palc\u00eb krimin e organizuar me OFL, ka politikan\u00eb t\u00eb lidhur me krimin"},"content":{"rendered":"<p>Prezent sot n\u00eb Kuvendin e Shqip\u00ebris\u00eb, kryeministri Rama ka folur p\u00ebr paket\u00ebn anti-K\u00c7K. Rama \u00ebsht\u00eb shprehur se kjo paket\u00eb \u00ebsht\u00eb nj\u00eb vetting e menj\u00ebhersh\u00ebm.<\/p>\n<p><strong>Edi Rama:<\/strong><em>\u00a0Q\u00eb nga lirimi i t\u00eb d\u00ebnuarve me burgim t\u00eb p\u00ebrjetsh\u00ebm n\u00eb m\u00ebnyr\u00ebn m\u00eb spektakolare t\u00eb shkeljes s\u00eb ligjit nga vet\u00eb gjykat\u00ebsve, deri te tjet\u00ebrsimi i pronave me interes t\u00eb madh publik n\u00eb zon\u00ebn e bregdetit. P\u00ebr k\u00ebt\u00eb shkak kemi vendosur t\u00eb nd\u00ebrmarrim nj\u00eb ofensiv\u00eb shembullore si asnj\u00ebher\u00eb m\u00eb par\u00eb.\u00a0<\/em><\/p>\n<p><em>Sot faktikisht i vjen fundi pafuqis\u00eb ligjore p\u00ebr t\u00eb reaguar n\u00eb m\u00ebnyr\u00eb urgjente t\u00eb gjith\u00eb atyre q\u00eb do t\u00eb p\u00ebrdorin cekin e drejt\u00ebsis\u00eb n\u00ebn tog\u00ebn e gjykat\u00ebsve. Sot japim n\u00eb dor\u00eb qeveris\u00eb s\u00eb re t\u00eb sistemit gjyq\u00ebsor, instrumentit t\u00eb pezullimit. Duke i hapur rrug\u00eb hetimit t\u00eb menj\u00ebhershme t\u00eb gjykatave. Deri kur t\u00eb vij Vettingu t\u00eb KCK, do tu b\u00ebhet Vettingu menj\u00ebher\u00eb.\u00a0 <\/em>Rama ka shtuar se opinioni publik nuk di m\u00eb \u00e7far\u00eb t\u00eb zgjedh\u00eb, pasi hidhet balt\u00eb p\u00ebrdit\u00eb. Sipas Ram\u00ebs, krimi \u00ebsht\u00eb i trembur n\u00eb palc\u00eb nga OFL-ja.<\/p>\n<p><strong>Edi Rama:<\/strong><em>\u00a0 Do t\u00eb b\u00ebhet hapja e hetimit penal e menj\u00ebhershme dhe d\u00ebrgimi i menj\u00ebhershme pas hekurave. Opinioni publik nuk di m\u00eb \u00e7far\u00eb t\u00eb zgjedh\u00eb mes k\u00ebtyre lumenjve me balt\u00eb q\u00eb hidhen p\u00ebrdit\u00eb.\u00a0<\/em><\/p>\n<p><em>E kemi trembur n\u00eb palc\u00eb krimin e organizuar me OFL. Krimi i organizuar \u00ebsht\u00eb i interesuar q\u00eb t\u00eb fus\u00eb sa m\u00eb shum\u00eb mjegull. N\u00eb studiot televizive ka avokat\u00eb t\u00eb krimit t\u00eb organizuar duke mbrojtur krimin. Ka dhe ka pasur politikan\u00eb t\u00eb lidhur me krimin, por jan\u00eb ata q\u00eb jan\u00eb t\u00eb lidhur me krimin q\u00eb flasin m\u00eb shum\u00eb.\u00a0<\/em><\/p>","protected":false},"excerpt":{"rendered":"<p>Prezent sot n\u00eb Kuvendin e Shqip\u00ebris\u00eb, kryeministri Rama ka folur p\u00ebr paket\u00ebn anti-K\u00c7K. Rama \u00ebsht\u00eb shprehur se kjo paket\u00eb \u00ebsht\u00eb nj\u00eb vetting e menj\u00ebhersh\u00ebm. Edi Rama:\u00a0Q\u00eb nga lirimi i t\u00eb d\u00ebnuarve me burgim t\u00eb p\u00ebrjetsh\u00ebm n\u00eb m\u00ebnyr\u00ebn m\u00eb spektakolare t\u00eb shkeljes s\u00eb ligjit nga vet\u00eb gjykat\u00ebsve, deri te tjet\u00ebrsimi i pronave me interes t\u00eb madh [&hellip;]<\/p>\n","protected":false},"author":2013,"featured_media":91282,"comment_status":"open","ping_status":"closed","sticky":false,"template":"","format":"standard","meta":{"footnotes":""},"categories":[241,235],"tags":[],"class_list":{"0":"post-121830","1":"post","2":"type-post","3":"status-publish","4":"format-standard","5":"has-post-thumbnail","7":"category-aktualitet","8":"category-vendi"},"_links":{"self":[{"href":"https:\/\/zjarr.tv\/en\/wp-json\/wp\/v2\/posts\/121830","targetHints":{"allow":["GET"]}}],"collection":[{"href":"https:\/\/zjarr.tv\/en\/wp-json\/wp\/v2\/posts"}],"about":[{"href":"https:\/\/zjarr.tv\/en\/wp-json\/wp\/v2\/types\/post"}],"author":[{"embeddable":true,"href":"https:\/\/zjarr.tv\/en\/wp-json\/wp\/v2\/users\/2013"}],"replies":[{"embeddable":true,"href":"https:\/\/zjarr.tv\/en\/wp-json\/wp\/v2\/comments?post=121830"}],"version-history":[{"count":0,"href":"https:\/\/zjarr.tv\/en\/wp-json\/wp\/v2\/posts\/121830\/revisions"}],"wp:featuredmedia":[{"embeddable":true,"href":"https:\/\/zjarr.tv\/en\/wp-json\/wp\/v2\/media\/91282"}],"wp:attachment":[{"href":"https:\/\/zjarr.tv\/en\/wp-json\/wp\/v2\/media?parent=121830"}],"wp:term":[{"taxonomy":"category","embeddable":true,"href":"https:\/\/zjarr.tv\/en\/wp-json\/wp\/v2\/categories?post=121830"},{"taxonomy":"post_tag","embeddable":true,"href":"https:\/\/zjarr.tv\/en\/wp-json\/wp\/v2\/tags?post=121830"}],"curies":[{"name":"wp","href":"https:\/\/api.w.org\/{rel}","templated":true}]}}