{"id":121852,"date":"2020-02-12T14:35:22","date_gmt":"2020-02-12T13:35:22","guid":{"rendered":"https:\/\/zjarr.tv\/?p=121852"},"modified":"2020-02-12T14:35:22","modified_gmt":"2020-02-12T13:35:22","slug":"ruci-takon-ministrin-e-jashtem-turk-mirenjohes-per-mbeshtetjen-e-madhe-pas-termetit","status":"publish","type":"post","link":"https:\/\/zjarr.tv\/en\/ruci-takon-ministrin-e-jashtem-turk-mirenjohes-per-mbeshtetjen-e-madhe-pas-termetit\/","title":{"rendered":"Ru\u00e7i takon ministrin e Jasht\u00ebm turk: Mir\u00ebnjoh\u00ebs p\u00ebr mb\u00ebshtetjen e madhe pas t\u00ebrmetit"},"content":{"rendered":"<p>Kryetari i Kuvendit, Gramoz Ru\u00e7i, priti sot ministrin e Jasht\u00ebm t\u00eb Turqis\u00eb, Mevl\u00fct \u00c7avu\u015fo\u011flu, i cili po zhvillon nj\u00eb vizit\u00eb zyrtare n\u00eb Shqip\u00ebri. Kryetari i Kuvendit vuri n\u00eb dukje se \u201cMarr\u00ebdh\u00ebniet politike midis t\u00eb dy vendeve tona jan\u00eb t\u00eb shk\u00eblqyera dhe zhvillohen n\u00eb nj\u00eb mir\u00ebkuptim t\u00eb plot\u00eb. Dialogu politik, marr\u00ebdh\u00ebniet miq\u00ebsore, shk\u00ebmbimet e shumta e intensive kan\u00eb fuqizuar partneritetin strategjik nd\u00ebrmjet dy vendeve dhe bashk\u00ebpunimit institucional n\u00eb t\u00eb gjitha fushat dhe nivelet. Bashk\u00ebpunimi ekonomik, shk\u00ebmbimet treg\u00ebtare dhe investimet turke n\u00eb Shqip\u00ebri po rriten. Kuvendi i Shqip\u00ebris\u00eb ka mb\u00ebshtetur dhe do t\u00eb mb\u00ebshtes\u00eb fuqizimin e bashk\u00ebpunimit dypal\u00ebsh n\u00eb t\u00eb gjitha fushat. Shqip\u00ebria i \u00ebsht\u00eb mir\u00ebnjoh\u00ebse Turqis\u00eb p\u00ebr mb\u00ebshtetjen e fuqishme t\u00eb njohjes dhe an\u00ebtar\u00ebsimit t\u00eb Kosov\u00ebs n\u00eb organizatat nd\u00ebrkomb\u00ebtare, duke kontribuar si nj\u00eb partner i r\u00ebnd\u00ebsish\u00ebm i Kosov\u00ebs dhe Shqip\u00ebris\u00eb n\u00eb k\u00ebto p\u00ebrpjekje.\u201d<\/p>\n<p>Kryetari i Kuvendit i shprehu Ministrit \u00c7avu\u015fo\u011flu mir\u00ebnjohjen p\u00ebr mb\u00ebshtetjen p\u00ebr familjet e prekura nga t\u00ebrmeti i 26 n\u00ebntorit si edhe solidaritetin p\u00ebr popullin turk dhe familjet e d\u00ebmtuara nga t\u00ebrmeti i 24 janarit n\u00eb Turqi. vMinistri Mevl\u00fct \u00c7avu\u015fo\u011flu falenderoi Kryetarin e Kuvendit, Gramoz Ru\u00e7i, p\u00ebr fjal\u00ebt e ngrohta, vler\u00ebsimet dhe mb\u00ebshtetjen e bashk\u00ebpunimit midis Shqip\u00ebris\u00eb dhe Turqis\u00eb dhe i transmetoi p\u00ebrsh\u00ebndetjet e p\u00ebrzem\u00ebrta v\u00ebllaz\u00ebrore t\u00eb Presidentit Erdogan dhe Kryetarit t\u00eb Asambles\u00eb s\u00eb Madhe Komb\u00ebtare t\u00eb Turqis\u00eb, \u015eentop.<\/p>\n<p>\u201cShqip\u00ebria \u00ebsht\u00eb nj\u00eb partner shum\u00eb i r\u00ebnd\u00ebsish\u00ebm strategjik i Turqis\u00eb dhe kontributi p\u00ebr paqen, sigurin\u00eb dhe stabilitetin nuk varen nga madh\u00ebsia e vendit, por nga vendosm\u00ebria p\u00ebr k\u00ebto kauza. Ne do t\u00eb mb\u00ebshtesim rritjen dhe zgjerimin e bashk\u00ebpunimit dypal\u00ebsh n\u00eb t\u00eb gjitha fushat dhe investimet prej 3.5 miliard USD n\u00eb Shqip\u00ebri do t\u00eb pasohen nga t\u00eb tjera n\u00eb t\u00eb ardhmen. Turqia mb\u00ebshtet fuqimisht rritjen e rolit t\u00eb Shqip\u00ebris\u00eb n\u00eb Ballkanin Per\u00ebndimor dhe Europ\u00ebn Juglindore sepse i kushton nj\u00eb v\u00ebmendje e kujdes t\u00eb ve\u00e7ant\u00eb zhvillimeve n\u00eb rajon. Turqia do t\u00eb marr\u00eb pjes\u00eb n\u00eb mbledhjen e donator\u00ebve dhe do t\u00eb nxis\u00eb vendet pjes\u00ebmarr\u00ebse p\u00ebr rritjen e kontributeve t\u00eb tyre p\u00ebr t\u00eb ndihmuar Shqip\u00ebrin\u00eb n\u00eb p\u00ebrballimin e rind\u00ebrtimit.Nd\u00ebrtimi prej Turqis\u00eb i 500 nj\u00ebsive t\u00eb banimit p\u00ebr familjet e pastreha prej t\u00ebrmetit t\u00eb 26 n\u00ebntorit do t\u00eb filloj\u00eb n\u00eb fund t\u00eb muajit shkurt. P\u00ebrpjekjet dhe kontributi yn\u00eb p\u00ebr njohjen dhe rritjen e rolit t\u00eb Kosov\u00ebs n\u00eb organizatat nd\u00ebrkomb\u00ebtare do t\u00eb rriten.\u201d, vuri n\u00eb dukje Ministri Mevl\u00fct \u00c7avu\u015fo\u011flu.<\/p>","protected":false},"excerpt":{"rendered":"<p>Kryetari i Kuvendit, Gramoz Ru\u00e7i, priti sot ministrin e Jasht\u00ebm t\u00eb Turqis\u00eb, Mevl\u00fct \u00c7avu\u015fo\u011flu, i cili po zhvillon nj\u00eb vizit\u00eb zyrtare n\u00eb Shqip\u00ebri. Kryetari i Kuvendit vuri n\u00eb dukje se \u201cMarr\u00ebdh\u00ebniet politike midis t\u00eb dy vendeve tona jan\u00eb t\u00eb shk\u00eblqyera dhe zhvillohen n\u00eb nj\u00eb mir\u00ebkuptim t\u00eb plot\u00eb. Dialogu politik, marr\u00ebdh\u00ebniet miq\u00ebsore, shk\u00ebmbimet e shumta e [&hellip;]<\/p>\n","protected":false},"author":2013,"featured_media":121853,"comment_status":"open","ping_status":"closed","sticky":false,"template":"","format":"standard","meta":{"footnotes":""},"categories":[241,235],"tags":[],"class_list":{"0":"post-121852","1":"post","2":"type-post","3":"status-publish","4":"format-standard","5":"has-post-thumbnail","7":"category-aktualitet","8":"category-vendi"},"_links":{"self":[{"href":"https:\/\/zjarr.tv\/en\/wp-json\/wp\/v2\/posts\/121852","targetHints":{"allow":["GET"]}}],"collection":[{"href":"https:\/\/zjarr.tv\/en\/wp-json\/wp\/v2\/posts"}],"about":[{"href":"https:\/\/zjarr.tv\/en\/wp-json\/wp\/v2\/types\/post"}],"author":[{"embeddable":true,"href":"https:\/\/zjarr.tv\/en\/wp-json\/wp\/v2\/users\/2013"}],"replies":[{"embeddable":true,"href":"https:\/\/zjarr.tv\/en\/wp-json\/wp\/v2\/comments?post=121852"}],"version-history":[{"count":0,"href":"https:\/\/zjarr.tv\/en\/wp-json\/wp\/v2\/posts\/121852\/revisions"}],"wp:featuredmedia":[{"embeddable":true,"href":"https:\/\/zjarr.tv\/en\/wp-json\/wp\/v2\/media\/121853"}],"wp:attachment":[{"href":"https:\/\/zjarr.tv\/en\/wp-json\/wp\/v2\/media?parent=121852"}],"wp:term":[{"taxonomy":"category","embeddable":true,"href":"https:\/\/zjarr.tv\/en\/wp-json\/wp\/v2\/categories?post=121852"},{"taxonomy":"post_tag","embeddable":true,"href":"https:\/\/zjarr.tv\/en\/wp-json\/wp\/v2\/tags?post=121852"}],"curies":[{"name":"wp","href":"https:\/\/api.w.org\/{rel}","templated":true}]}}