{"id":121869,"date":"2020-02-12T15:35:29","date_gmt":"2020-02-12T14:35:29","guid":{"rendered":"https:\/\/zjarr.tv\/?p=121869"},"modified":"2020-02-12T15:35:29","modified_gmt":"2020-02-12T14:35:29","slug":"qeveria-vendos-tavan-per-subvencionet-fermeret-rinisin-protestat","status":"publish","type":"post","link":"https:\/\/zjarr.tv\/en\/qeveria-vendos-tavan-per-subvencionet-fermeret-rinisin-protestat\/","title":{"rendered":"Qeveria vendos tavan p\u00ebr subvencionet, fermer\u00ebt rinisin protestat"},"content":{"rendered":"<p>Qeveria ka vendosur t\u00eb ndryshoj\u00eb skem\u00ebn e subvencioneve fermer\u00ebve duke vendosur tavan rimbursimi. Fermer\u00ebt thon\u00eb se e kan\u00eb t\u00eb pamunduar t\u00eb p\u00ebrballojn\u00eb pun\u00ebn, e jo m\u00eb t\u00eb kryejn\u00eb investime, kursr ekspert\u00ebt thon\u00eb se shuma prej 7.4 mln lek\u00eb q\u00eb kaakorduar qeveria nga buxhedi p\u00ebr fermer\u00ebt p\u00ebr 2020 \u00ebsht\u00eb i pamjaftuesh\u00ebm.<\/p>\n<p>Ata mendojn\u00eb se braktisja q\u00eb qeverija b\u00ebn, po sjell si rrjedhoj mb\u00ebshtetjen e tregut serb, ku agropunuesit shqiptar t\u00eb qum\u00ebshtit po blejn\u00eb mbi 30 p\u00ebrqind t\u00eb qum\u00ebshtit qtje duke i kthyerfabrikat e tyre n\u00eb fasoneri, vet\u00ebm p\u00ebr paketim.<\/p>\n<p>P\u00ebr k\u00ebt\u00eb fermer\u00ebt kan\u00eb paralajm\u00ebruar protesta n\u00eb 20 shkurt n\u00eb Lushnje.<\/p>\n<p>Referuar vendimit t\u00eb publikuar n\u00eb faqen zyrtare, masat e mb\u00ebshtetjes dh masat e financimit nga fondi programit p\u00ebr buqj\u00ebsi dhe zhvillim rural jan\u00eb:<\/p>\n<p>a) p\u00ebr tufen baz\u00eb t\u00eb matrikulluar, p\u00ebr fermat me jo m\u00eb pak se 70 krer\u00eb dele\/ dhi, n\u00eb vler\u00ebn 1200 lek\u00eb\/ krer\u00eb, por jo m\u00eb shume se 360 000 lek\u00eb p\u00ebr subjekt, nd\u00ebrsa p\u00ebr fermat me jo me pak se 5 krer\u00eb lop, me vler\u00eb 10 000 lek\u00eb\/ krer\u00eb por jo m\u00eb shum\u00eb se 500 000 lek\u00eb p\u00ebr subjekt;<\/p>\n<p>b) Mbar\u00ebshtimi i bletarsi\u00eb me 1 000 lek\u00eb p\u00ebr zgjua p\u00ebr ferma me jo m\u00eb pak se 50 zgjoje por jo m\u00eb shume se 150 000 lek\u00eb p\u00ebr subjekt;<\/p>\n<p>Z\u00ebvend\u00ebsimi i plastmasit termik p\u00ebr serrat diellore egzistuese p\u00ebr prodhimin e perimeve, rrutshit p\u00ebr tavolin\u00eb dhe tunelet plastike p\u00ebr luleshtrrydhet n\u00eb vleren respektive300 000 lek\u00eb\/ ha dhe 100 000 lek\u00eb\/ ha por jo m\u00eb shume se 500 000 lek\u00eb p\u00ebr subjekt.<\/p>\n<p>Sip\u00ebrfaqja e serr\u00ebs apo e tunelit plastik t\u00eb jet\u00eb jo m\u00eb pak se 0.2 ha. P\u00ebrfaqsuar jan\u00eb subjektet t\u00eb cilat nuk mund t\u00eb mb\u00ebshteten nga programi IPARD 2. Po ashtu qeveria do mb\u00ebshtes\u00eb ata q\u00eb mbjellin bim\u00eb mjeksore aromatike, fermat organike, ngritjen ose rikostruksjonin e ambjenteve p\u00ebr veprimtari t\u00eb turizmit rural. Shuma totalesipas t\u00eb dh\u00ebnave t\u00eb Ministris s\u00eb Financave k\u00ebt\u00eb vit \u00ebsht\u00eb nj\u00ebjt si vitin e kaluar, shpjegon eksperti p\u00ebr c\u00ebshtjet bujq\u00ebsore, ishin t\u00eb pamjaftueshme.<\/p>\n<p>&nbsp;<\/p>\n<p>&nbsp;<\/p>","protected":false},"excerpt":{"rendered":"<p>Qeveria ka vendosur t\u00eb ndryshoj\u00eb skem\u00ebn e subvencioneve fermer\u00ebve duke vendosur tavan rimbursimi. Fermer\u00ebt thon\u00eb se e kan\u00eb t\u00eb pamunduar t\u00eb p\u00ebrballojn\u00eb pun\u00ebn, e jo m\u00eb t\u00eb kryejn\u00eb investime, kursr ekspert\u00ebt thon\u00eb se shuma prej 7.4 mln lek\u00eb q\u00eb kaakorduar qeveria nga buxhedi p\u00ebr fermer\u00ebt p\u00ebr 2020 \u00ebsht\u00eb i pamjaftuesh\u00ebm. Ata mendojn\u00eb se braktisja q\u00eb [&hellip;]<\/p>\n","protected":false},"author":2013,"featured_media":121871,"comment_status":"open","ping_status":"closed","sticky":false,"template":"","format":"standard","meta":{"footnotes":""},"categories":[241,235],"tags":[],"class_list":{"0":"post-121869","1":"post","2":"type-post","3":"status-publish","4":"format-standard","5":"has-post-thumbnail","7":"category-aktualitet","8":"category-vendi"},"_links":{"self":[{"href":"https:\/\/zjarr.tv\/en\/wp-json\/wp\/v2\/posts\/121869","targetHints":{"allow":["GET"]}}],"collection":[{"href":"https:\/\/zjarr.tv\/en\/wp-json\/wp\/v2\/posts"}],"about":[{"href":"https:\/\/zjarr.tv\/en\/wp-json\/wp\/v2\/types\/post"}],"author":[{"embeddable":true,"href":"https:\/\/zjarr.tv\/en\/wp-json\/wp\/v2\/users\/2013"}],"replies":[{"embeddable":true,"href":"https:\/\/zjarr.tv\/en\/wp-json\/wp\/v2\/comments?post=121869"}],"version-history":[{"count":0,"href":"https:\/\/zjarr.tv\/en\/wp-json\/wp\/v2\/posts\/121869\/revisions"}],"wp:featuredmedia":[{"embeddable":true,"href":"https:\/\/zjarr.tv\/en\/wp-json\/wp\/v2\/media\/121871"}],"wp:attachment":[{"href":"https:\/\/zjarr.tv\/en\/wp-json\/wp\/v2\/media?parent=121869"}],"wp:term":[{"taxonomy":"category","embeddable":true,"href":"https:\/\/zjarr.tv\/en\/wp-json\/wp\/v2\/categories?post=121869"},{"taxonomy":"post_tag","embeddable":true,"href":"https:\/\/zjarr.tv\/en\/wp-json\/wp\/v2\/tags?post=121869"}],"curies":[{"name":"wp","href":"https:\/\/api.w.org\/{rel}","templated":true}]}}