{"id":121870,"date":"2020-02-12T15:36:44","date_gmt":"2020-02-12T14:36:44","guid":{"rendered":"https:\/\/zjarr.tv\/?p=121870"},"modified":"2020-02-12T15:36:55","modified_gmt":"2020-02-12T14:36:55","slug":"plumba-ne-elbasan-nje-polic-i-plagosur","status":"publish","type":"post","link":"https:\/\/zjarr.tv\/en\/plumba-ne-elbasan-nje-polic-i-plagosur\/","title":{"rendered":"Plumba n\u00eb Elbasan\/ Nj\u00eb polic i plagosur"},"content":{"rendered":"<p>Nj\u00eb tjet\u00ebr ngjarje e r\u00ebnd\u00eb ka ndodhur mesdit\u00ebn e sotme. Pas Shkodr\u00ebs, krisma arm\u00ebsh kan\u00eb ndodhur edhe n\u00eb Elbasan, ku dyshohet se nj\u00eb polic \u00ebsht\u00eb i plagosur. Ngjarja po ndodh n\u00eb zon\u00ebn e Shushic\u00ebs s\u00eb Elbasanit, nd\u00ebrsa autori dyshohet se \u00ebsht\u00eb me probleme mendore<\/p>\n<div id=\"rekl-13\">\n<div id=\"__sap-ad-15\" class=\"__sap-ads __sap-html tracked\" data-title=\"Credins desktop Brenda lajmit 08\">\n<div id=\"beacon_3c8d3fa874\"><img loading=\"lazy\" decoding=\"async\" src=\"https:\/\/ads1.medium.al\/www\/delivery\/lg.php?bannerid=522&amp;campaignid=76&amp;zoneid=232&amp;loc=https%3A%2F%2Fwww.syri.net%2Fkronike%2F315364%2Fplumba-ne-elbasan-nje-polic-i-plagosur%2F&amp;referer=https%3A%2F%2Fwww.syri.net%2Flajme%2F&amp;cb=3c8d3fa874\" alt=\"\" width=\"0\" height=\"0\" \/>Ende nuk shum\u00eb informacione n\u00eb lidhje me ngjarjen, nd\u00ebrsa policia ka rrethuar vendngjarjen.<\/div>\n<p>&nbsp;<\/p>\n<\/div>\n<\/div>","protected":false},"excerpt":{"rendered":"<p>Nj\u00eb tjet\u00ebr ngjarje e r\u00ebnd\u00eb ka ndodhur mesdit\u00ebn e sotme. Pas Shkodr\u00ebs, krisma arm\u00ebsh kan\u00eb ndodhur edhe n\u00eb Elbasan, ku dyshohet se nj\u00eb polic \u00ebsht\u00eb i plagosur. Ngjarja po ndodh n\u00eb zon\u00ebn e Shushic\u00ebs s\u00eb Elbasanit, nd\u00ebrsa autori dyshohet se \u00ebsht\u00eb me probleme mendore Ende nuk shum\u00eb informacione n\u00eb lidhje me ngjarjen, nd\u00ebrsa policia ka [&hellip;]<\/p>\n","protected":false},"author":2013,"featured_media":38161,"comment_status":"open","ping_status":"closed","sticky":false,"template":"","format":"standard","meta":{"footnotes":""},"categories":[241,235],"tags":[],"class_list":{"0":"post-121870","1":"post","2":"type-post","3":"status-publish","4":"format-standard","5":"has-post-thumbnail","7":"category-aktualitet","8":"category-vendi"},"_links":{"self":[{"href":"https:\/\/zjarr.tv\/en\/wp-json\/wp\/v2\/posts\/121870","targetHints":{"allow":["GET"]}}],"collection":[{"href":"https:\/\/zjarr.tv\/en\/wp-json\/wp\/v2\/posts"}],"about":[{"href":"https:\/\/zjarr.tv\/en\/wp-json\/wp\/v2\/types\/post"}],"author":[{"embeddable":true,"href":"https:\/\/zjarr.tv\/en\/wp-json\/wp\/v2\/users\/2013"}],"replies":[{"embeddable":true,"href":"https:\/\/zjarr.tv\/en\/wp-json\/wp\/v2\/comments?post=121870"}],"version-history":[{"count":0,"href":"https:\/\/zjarr.tv\/en\/wp-json\/wp\/v2\/posts\/121870\/revisions"}],"wp:featuredmedia":[{"embeddable":true,"href":"https:\/\/zjarr.tv\/en\/wp-json\/wp\/v2\/media\/38161"}],"wp:attachment":[{"href":"https:\/\/zjarr.tv\/en\/wp-json\/wp\/v2\/media?parent=121870"}],"wp:term":[{"taxonomy":"category","embeddable":true,"href":"https:\/\/zjarr.tv\/en\/wp-json\/wp\/v2\/categories?post=121870"},{"taxonomy":"post_tag","embeddable":true,"href":"https:\/\/zjarr.tv\/en\/wp-json\/wp\/v2\/tags?post=121870"}],"curies":[{"name":"wp","href":"https:\/\/api.w.org\/{rel}","templated":true}]}}