{"id":121879,"date":"2020-02-12T15:45:26","date_gmt":"2020-02-12T14:45:26","guid":{"rendered":"https:\/\/zjarr.tv\/?p=121879"},"modified":"2020-02-12T15:45:26","modified_gmt":"2020-02-12T14:45:26","slug":"busti-i-vasil-shahinit-ne-dervician-deputeti-i-opozites-ca-te-huaj-po-ngrene-lapidare-per-kriminelet","status":"publish","type":"post","link":"https:\/\/zjarr.tv\/en\/busti-i-vasil-shahinit-ne-dervician-deputeti-i-opozites-ca-te-huaj-po-ngrene-lapidare-per-kriminelet\/","title":{"rendered":"Busti i Vasil Shahinit n\u00eb Dervician\/ Deputeti i opozit\u00ebs: Ca t\u00eb huaj po ngren\u00eb lapidare p\u00ebr kriminel\u00ebt"},"content":{"rendered":"<p>Deputeti i opozit\u00ebs n\u00eb parlament Kostaq Papa, n\u00eb fjal\u00ebn e tij teksa u diskutua p\u00ebr projekt-ligjin p\u00ebr t\u00eb huajt, deklaroi tha se projekt-ligji ka paqart\u00ebsi, duke th\u00ebn\u00eb se l\u00eb boshll\u00ebqe. Papa ngriti shqet\u00ebsimin edhe p\u00ebr faktin se \u201cca t\u00eb huaj po ngren\u00eb buste kriminel\u00ebsh\u201d, duke pasur parasysh lapidarin e ngritur p\u00ebr Vasil Shahinin n\u00eb Dervician t\u00eb Dropullit.<\/p>\n<p>\u201cSi e shpjegon ky ligj, q\u00eb p\u00ebr shembull t\u00eb huajt ngren\u00eb buste t\u00eb kriminel\u00ebve. Ca t\u00eb huaj marrin status nga ky ligj dhe ngren\u00eb n\u00eb piedestal buste t\u00eb kriminel\u00ebve. Kjo nism\u00eb shton papun\u00ebsin\u00eb q\u00eb \u00ebsht\u00eb e lart\u00eb. Ky ligj sjell goditjen ndaj njer\u00ebzve t\u00eb pun\u00ebs. Ligji shton zbrazjen e Shqip\u00ebris\u00eb. Maxhoranca duhet t\u00eb dal\u00eb nga vija e partis\u00eb dhe t\u00eb trajtoj\u00eb gj\u00ebrat sipas interesit komb\u00ebtar. Ky ligj krijon probleme tek shqiptar\u00ebt, q\u00eb jan\u00eb sot n\u00eb gjendje t\u00eb keqe\u201d, theksoi Papa. Papa shtoi se nd\u00ebrsa me k\u00ebt\u00eb ligj p\u00ebrpiqemi q\u00eb t\u00eb pun\u00ebsojm\u00eb t\u00eb huajt, sot shqiptar\u00ebt jan\u00eb pa pun\u00eb dhe ndodhen n\u00eb emigrim.<\/p>\n<p><strong>\u201c<\/strong>Ligji p\u00ebr t\u00eb huajt duhet t\u00eb ndryshoj\u00eb n\u00eb kushte t\u00eb reja. Projekt-ligji p\u00ebr ndryshime dhe shtesa p\u00ebr t\u00eb huajt t\u00eb ndryshuar e shoh si p\u00ebrpjekje p\u00ebr t\u2019ia bashkuar zhvillimit t\u00eb vendit dhe kushteve bashk\u00ebkohore. Nuk kemi punuar q\u00eb t\u00eb pun\u00ebsojm\u00eb vendasit, nd\u00ebrsa ne b\u00ebjm\u00eb ligj p\u00ebr t\u00eb huajt. Ne kemi sot emigrant\u00eb shqiptar\u00eb q\u00eb ikin shum\u00eb n\u00eb Europ\u00eb dhe ka papun\u00ebsi, e ne b\u00ebjm\u00eb ndryshime t\u00eb tilla. Ndryshimet t\u00eb mos b\u00ebhen n\u00eb fushata. Ligji \u00ebsht\u00eb i atill\u00eb q\u00eb nuk kuptohet sakt\u00eb\u201d, tha Papa.<\/p>","protected":false},"excerpt":{"rendered":"<p>Deputeti i opozit\u00ebs n\u00eb parlament Kostaq Papa, n\u00eb fjal\u00ebn e tij teksa u diskutua p\u00ebr projekt-ligjin p\u00ebr t\u00eb huajt, deklaroi tha se projekt-ligji ka paqart\u00ebsi, duke th\u00ebn\u00eb se l\u00eb boshll\u00ebqe. Papa ngriti shqet\u00ebsimin edhe p\u00ebr faktin se \u201cca t\u00eb huaj po ngren\u00eb buste kriminel\u00ebsh\u201d, duke pasur parasysh lapidarin e ngritur p\u00ebr Vasil Shahinin n\u00eb Dervician [&hellip;]<\/p>\n","protected":false},"author":2013,"featured_media":121880,"comment_status":"open","ping_status":"closed","sticky":false,"template":"","format":"standard","meta":{"footnotes":""},"categories":[241,235],"tags":[],"class_list":{"0":"post-121879","1":"post","2":"type-post","3":"status-publish","4":"format-standard","5":"has-post-thumbnail","7":"category-aktualitet","8":"category-vendi"},"_links":{"self":[{"href":"https:\/\/zjarr.tv\/en\/wp-json\/wp\/v2\/posts\/121879","targetHints":{"allow":["GET"]}}],"collection":[{"href":"https:\/\/zjarr.tv\/en\/wp-json\/wp\/v2\/posts"}],"about":[{"href":"https:\/\/zjarr.tv\/en\/wp-json\/wp\/v2\/types\/post"}],"author":[{"embeddable":true,"href":"https:\/\/zjarr.tv\/en\/wp-json\/wp\/v2\/users\/2013"}],"replies":[{"embeddable":true,"href":"https:\/\/zjarr.tv\/en\/wp-json\/wp\/v2\/comments?post=121879"}],"version-history":[{"count":0,"href":"https:\/\/zjarr.tv\/en\/wp-json\/wp\/v2\/posts\/121879\/revisions"}],"wp:featuredmedia":[{"embeddable":true,"href":"https:\/\/zjarr.tv\/en\/wp-json\/wp\/v2\/media\/121880"}],"wp:attachment":[{"href":"https:\/\/zjarr.tv\/en\/wp-json\/wp\/v2\/media?parent=121879"}],"wp:term":[{"taxonomy":"category","embeddable":true,"href":"https:\/\/zjarr.tv\/en\/wp-json\/wp\/v2\/categories?post=121879"},{"taxonomy":"post_tag","embeddable":true,"href":"https:\/\/zjarr.tv\/en\/wp-json\/wp\/v2\/tags?post=121879"}],"curies":[{"name":"wp","href":"https:\/\/api.w.org\/{rel}","templated":true}]}}