{"id":121882,"date":"2020-02-12T15:47:26","date_gmt":"2020-02-12T14:47:26","guid":{"rendered":"https:\/\/zjarr.tv\/?p=121882"},"modified":"2020-02-12T15:47:26","modified_gmt":"2020-02-12T14:47:26","slug":"balla-zbardh-mesazhet-e-takimit-me-ambasadoren-amerikane","status":"publish","type":"post","link":"https:\/\/zjarr.tv\/en\/balla-zbardh-mesazhet-e-takimit-me-ambasadoren-amerikane\/","title":{"rendered":"Balla zbardh mesazhet e takimit me ambasadoren amerikane"},"content":{"rendered":"<p>Kreu i grupit parlamentar t\u00eb PS-s\u00eb Taulant Balla \u00ebsht\u00eb takuar sot me ambasadoren e Shteteve t\u00eb Bashkuara t\u00eb Amerik\u00ebs n\u00eb Tiran\u00eb Yuri Kim, t\u00eb cil\u00ebs i ka uruar mir\u00ebseardhjen n\u00eb Shqip\u00ebri. Balla zbardh detaje nga ky takim, n\u00eb nj\u00eb postim n\u00eb \u201cFacebook\u201d ku shkruan se marr\u00ebdh\u00ebniet me SHBA jan\u00eb t\u00eb r\u00ebnd\u00ebsis\u00eb par\u00ebsore n\u00eb nivelin e partneritetit strategjik dhe p\u00ebrb\u00ebjn\u00eb themelin e politik\u00ebs son\u00eb t\u00eb jashtme. Ai thekson se mb\u00ebshtetja q\u00eb SHBA i ka dh\u00ebn\u00eb gjat\u00eb gjith\u00eb k\u00ebtyre viteve Shqip\u00ebris\u00eb, duhet t\u00eb shoq\u00ebrohet tashm\u00eb me investime t\u00eb drejtp\u00ebrdrejta amerikane ve\u00e7an\u00ebrisht n\u00eb sektor\u00ebt strategjik\u00eb e ata prioritar\u00eb t\u00eb ekonomis\u00eb shqiptare.<\/p>\n<p><strong>MESAZHI I BALL\u00cbS<\/strong><\/p>\n<p>Takimi i mir\u00ebseardhjes n\u00eb fillimin e mandatit t\u00eb saj n\u00eb Shqip\u00ebri me Ambasadoren e Shteteve t\u00eb Bashkuara Yuri Kim. SHBA jan\u00eb aleati dhe partneri yn\u00eb strategjik. P\u00ebr ne marr\u00ebdh\u00ebniet me SHBA jan\u00eb t\u00eb r\u00ebnd\u00ebsis\u00eb par\u00ebsore n\u00eb nivelin e partneritetit strategjik dhe p\u00ebrb\u00ebjn\u00eb themelin e politik\u00ebs son\u00eb t\u00eb jashtme. Bashk\u00ebpunimi me SHBA \u00ebsht\u00eb sot n\u00eb nj\u00eb nivel t\u00eb shk\u00eblqyer n\u00eb dobi zhvillimeve demokratike, t\u00eb forcimit t\u00eb shtetit ligjor dhe t\u00eb parimeve t\u00eb ekonomis\u00eb s\u00eb tregut, n\u00eb mb\u00ebshtetje t\u00eb an\u00ebtar\u00ebsimit t\u00eb Shqip\u00ebris\u00eb n\u00eb Bashkimin Europian, t\u00eb ruajtjes s\u00eb stabilitetit, paqes e prosperitetit n\u00eb rajonin ton\u00eb e m\u00eb gjer\u00eb, t\u00eb luft\u00ebs kund\u00ebr terrorizmit.<\/p>\n<p>Mb\u00ebshtetja q\u00eb SHBA i ka dh\u00ebn\u00eb gjat\u00eb gjith\u00eb k\u00ebtyre viteve Shqip\u00ebris\u00eb n\u00ebp\u00ebrmjet agjencive t\u00eb saj p\u00ebr nd\u00ebrtimin e institucioneve dhe krijimin e parametrave t\u00eb tregut t\u00eb lir\u00eb, duhet t\u00eb shoq\u00ebrohet tashm\u00eb me investime t\u00eb drejtp\u00ebrdrejta amerikane ve\u00e7an\u00ebrisht n\u00eb sektor\u00ebt strategjik\u00eb e ata prioritar\u00eb t\u00eb ekonomis\u00eb shqiptare.<\/p>\n<p>Realizimi i k\u00ebtij synimi duhet t\u00eb jet\u00eb nj\u00eb prioritet thelb\u00ebsor, i dor\u00ebs s\u00eb par\u00eb n\u00eb marr\u00ebdh\u00ebniet tona me Shtet e Bashkuara t\u00eb Amerik\u00ebs. Numri i bizneseve amerikane, apo me kapital t\u00eb p\u00ebrbashk\u00ebt shqiptaro-amerikan, \u00ebsht\u00eb ende shum\u00eb i vog\u00ebl krahasuar me mund\u00ebsit\u00eb dhe ofert\u00ebn t\u00ebrheq\u00ebse t\u00eb Shqip\u00ebris\u00eb p\u00ebr sip\u00ebrmarrjen amerikane.<\/p>\n<div class=\"galery-slider\">\n<ul class=\"slides\">\n<li class=\"flex-slider-item\" data-thumb-alt=\"\"><a href=\"https:\/\/www.balkanweb.com\/wp-content\/uploads\/2020\/02\/Balla-fb-1.png\" rel=\"lightbox\"><img decoding=\"async\" draggable=\"false\" src=\"https:\/\/www.balkanweb.com\/wp-content\/uploads\/2020\/02\/Balla-fb-1.png\" alt=\"foto galeri \" \/><\/a><\/li>\n<li class=\"flex-slider-item\" data-thumb-alt=\"\"><a href=\"https:\/\/www.balkanweb.com\/wp-content\/uploads\/2020\/02\/Balla-Kim-1.jpg\" rel=\"lightbox\"><img decoding=\"async\" draggable=\"false\" src=\"https:\/\/www.balkanweb.com\/wp-content\/uploads\/2020\/02\/Balla-Kim-1.jpg\" alt=\"foto galeri \" \/><\/a><\/li>\n<li class=\"flex-slider-item flex-active-slide\" data-thumb-alt=\"\"><a href=\"https:\/\/www.balkanweb.com\/wp-content\/uploads\/2020\/02\/Balla-Kim-3.jpg\" rel=\"lightbox\"><img decoding=\"async\" draggable=\"false\" src=\"https:\/\/www.balkanweb.com\/wp-content\/uploads\/2020\/02\/Balla-Kim-3.jpg\" alt=\"foto galeri \" \/><\/a><\/li>\n<\/ul>\n<\/div>","protected":false},"excerpt":{"rendered":"<p>Kreu i grupit parlamentar t\u00eb PS-s\u00eb Taulant Balla \u00ebsht\u00eb takuar sot me ambasadoren e Shteteve t\u00eb Bashkuara t\u00eb Amerik\u00ebs n\u00eb Tiran\u00eb Yuri Kim, t\u00eb cil\u00ebs i ka uruar mir\u00ebseardhjen n\u00eb Shqip\u00ebri. Balla zbardh detaje nga ky takim, n\u00eb nj\u00eb postim n\u00eb \u201cFacebook\u201d ku shkruan se marr\u00ebdh\u00ebniet me SHBA jan\u00eb t\u00eb r\u00ebnd\u00ebsis\u00eb par\u00ebsore n\u00eb nivelin e [&hellip;]<\/p>\n","protected":false},"author":2013,"featured_media":121883,"comment_status":"open","ping_status":"closed","sticky":false,"template":"","format":"standard","meta":{"footnotes":""},"categories":[241,235],"tags":[],"class_list":{"0":"post-121882","1":"post","2":"type-post","3":"status-publish","4":"format-standard","5":"has-post-thumbnail","7":"category-aktualitet","8":"category-vendi"},"_links":{"self":[{"href":"https:\/\/zjarr.tv\/en\/wp-json\/wp\/v2\/posts\/121882","targetHints":{"allow":["GET"]}}],"collection":[{"href":"https:\/\/zjarr.tv\/en\/wp-json\/wp\/v2\/posts"}],"about":[{"href":"https:\/\/zjarr.tv\/en\/wp-json\/wp\/v2\/types\/post"}],"author":[{"embeddable":true,"href":"https:\/\/zjarr.tv\/en\/wp-json\/wp\/v2\/users\/2013"}],"replies":[{"embeddable":true,"href":"https:\/\/zjarr.tv\/en\/wp-json\/wp\/v2\/comments?post=121882"}],"version-history":[{"count":0,"href":"https:\/\/zjarr.tv\/en\/wp-json\/wp\/v2\/posts\/121882\/revisions"}],"wp:featuredmedia":[{"embeddable":true,"href":"https:\/\/zjarr.tv\/en\/wp-json\/wp\/v2\/media\/121883"}],"wp:attachment":[{"href":"https:\/\/zjarr.tv\/en\/wp-json\/wp\/v2\/media?parent=121882"}],"wp:term":[{"taxonomy":"category","embeddable":true,"href":"https:\/\/zjarr.tv\/en\/wp-json\/wp\/v2\/categories?post=121882"},{"taxonomy":"post_tag","embeddable":true,"href":"https:\/\/zjarr.tv\/en\/wp-json\/wp\/v2\/tags?post=121882"}],"curies":[{"name":"wp","href":"https:\/\/api.w.org\/{rel}","templated":true}]}}