{"id":121893,"date":"2020-02-12T16:10:25","date_gmt":"2020-02-12T15:10:25","guid":{"rendered":"https:\/\/zjarr.tv\/?p=121893"},"modified":"2020-02-12T16:10:25","modified_gmt":"2020-02-12T15:10:25","slug":"ndalohet-22-vjecari-shperndante-lende-narkotike","status":"publish","type":"post","link":"https:\/\/zjarr.tv\/en\/ndalohet-22-vjecari-shperndante-lende-narkotike\/","title":{"rendered":"Ndalohet 22 vje\u00e7ari, shp\u00ebrndante l\u00ebnd\u00eb narkotike"},"content":{"rendered":"<p>Policia e Tiran\u00ebs ka ndaluar n\u00eb or\u00ebt e fundit, nj\u00eb shtetas I cili akuzohet p\u00ebr shp\u00ebrndarje t\u00eb l\u00ebnd\u00ebve narkotike n\u00eb doza t\u00eb vogla. I ndaluari \u00ebsht\u00eb XH. A, 22 vje\u00e7, banues n\u00eb Tiran\u00eb<\/p>\n<p>\u2018Goditet nj\u00eb tjet\u00ebr rast i veprimtaris\u00eb kriminale n\u00eb fush\u00ebn e narkotik\u00ebve. Vihet n\u00eb pranga nj\u00eb shtetas, p\u00ebr shp\u00ebrndarje t\u00eb l\u00ebnd\u00ebve narkotike n\u00eb doza t\u00eb vogla. N\u00eb vijim t\u00eb pun\u00ebs p\u00ebr parandalimin, evidentimin dhe goditjen e veprimtaris\u00eb kriminale n\u00eb fush\u00ebn e narkotik\u00ebve, si dhe n\u00eb kuad\u00ebr t\u00eb goditjeve t\u00eb nj\u00ebpasnj\u00ebshme t\u00eb realizuara nga strukturat e Drejtoris\u00eb vendore t\u00eb Policis\u00eb Tiran\u00eb, Forcat e Posa\u00e7me \u201cShqiponjat\u201c, n\u00eb bashk\u00ebpunim me Seksionin p\u00ebr Hetimin e Narkotik\u00ebve n\u00eb DVP Tiran\u00eb godit\u00ebn nj\u00eb tjet\u00ebr rast. Si rezultat, u b\u00eb arrestimi n\u00eb flagranc\u00eb, p\u00ebr vepr\u00ebn penale \u201cProdhimi dhe shitja e narkotik\u00ebve\u201d, i shtetasit:<\/p>\n<p>XH. A., 22 vje\u00e7, banues n\u00eb Tiran\u00eb.<\/p>\n<p>Sh\u00ebrbimet e Policis\u00eb, mbi baz\u00ebn e informacioneve t\u00eb marra n\u00eb rrug\u00eb operative se nj\u00eb shtetas, i cili qarkullonte me mjet n\u00eb Rrug\u00ebn e Xhabrahim\u00ebve mund t\u00eb shp\u00ebrndante l\u00ebnd\u00eb narkotike n\u00eb doza t\u00eb vogla, kan\u00eb b\u00ebr\u00eb menj\u00ebher\u00eb bllokimin e mjetit, si dhe kan\u00eb ushtruar kontroll mbi automjetin dhe personat q\u00eb ndodheshin n\u00eb t\u00eb.<\/p>\n<p>Si rezultat i kontrollit, drejtuesit t\u00eb automjetit, shtetasit Xh. A. i jan\u00eb gjetur dhe sekuestruar doza me l\u00ebnd\u00eb t\u00eb dyshuar narkotike cannabis sativa.\u00a0 N\u00eb vijim t\u00eb veprimeve jan\u00eb proceduar n\u00eb gjendje t\u00eb lir\u00eb edhe shtetasit O. H. dhe E. H., t\u00eb cil\u00ebt ishin pasagjer\u00eb n\u00eb mjet. Materialet i kaluan Prokuroris\u00eb pran\u00eb Gjykat\u00ebs s\u00eb Shkall\u00ebs s\u00eb Par\u00eb Tiran\u00eb, p\u00ebr vepr\u00ebn penale \u201cProdhimi dhe shitja e narkotik\u00ebve\u201d.\u2019<\/p>","protected":false},"excerpt":{"rendered":"<p>Policia e Tiran\u00ebs ka ndaluar n\u00eb or\u00ebt e fundit, nj\u00eb shtetas I cili akuzohet p\u00ebr shp\u00ebrndarje t\u00eb l\u00ebnd\u00ebve narkotike n\u00eb doza t\u00eb vogla. I ndaluari \u00ebsht\u00eb XH. A, 22 vje\u00e7, banues n\u00eb Tiran\u00eb \u2018Goditet nj\u00eb tjet\u00ebr rast i veprimtaris\u00eb kriminale n\u00eb fush\u00ebn e narkotik\u00ebve. Vihet n\u00eb pranga nj\u00eb shtetas, p\u00ebr shp\u00ebrndarje t\u00eb l\u00ebnd\u00ebve narkotike n\u00eb [&hellip;]<\/p>\n","protected":false},"author":2013,"featured_media":100067,"comment_status":"open","ping_status":"closed","sticky":false,"template":"","format":"standard","meta":{"footnotes":""},"categories":[241,235],"tags":[],"class_list":{"0":"post-121893","1":"post","2":"type-post","3":"status-publish","4":"format-standard","5":"has-post-thumbnail","7":"category-aktualitet","8":"category-vendi"},"_links":{"self":[{"href":"https:\/\/zjarr.tv\/en\/wp-json\/wp\/v2\/posts\/121893","targetHints":{"allow":["GET"]}}],"collection":[{"href":"https:\/\/zjarr.tv\/en\/wp-json\/wp\/v2\/posts"}],"about":[{"href":"https:\/\/zjarr.tv\/en\/wp-json\/wp\/v2\/types\/post"}],"author":[{"embeddable":true,"href":"https:\/\/zjarr.tv\/en\/wp-json\/wp\/v2\/users\/2013"}],"replies":[{"embeddable":true,"href":"https:\/\/zjarr.tv\/en\/wp-json\/wp\/v2\/comments?post=121893"}],"version-history":[{"count":0,"href":"https:\/\/zjarr.tv\/en\/wp-json\/wp\/v2\/posts\/121893\/revisions"}],"wp:featuredmedia":[{"embeddable":true,"href":"https:\/\/zjarr.tv\/en\/wp-json\/wp\/v2\/media\/100067"}],"wp:attachment":[{"href":"https:\/\/zjarr.tv\/en\/wp-json\/wp\/v2\/media?parent=121893"}],"wp:term":[{"taxonomy":"category","embeddable":true,"href":"https:\/\/zjarr.tv\/en\/wp-json\/wp\/v2\/categories?post=121893"},{"taxonomy":"post_tag","embeddable":true,"href":"https:\/\/zjarr.tv\/en\/wp-json\/wp\/v2\/tags?post=121893"}],"curies":[{"name":"wp","href":"https:\/\/api.w.org\/{rel}","templated":true}]}}