{"id":121895,"date":"2020-02-12T16:14:24","date_gmt":"2020-02-12T15:14:24","guid":{"rendered":"https:\/\/zjarr.tv\/?p=121895"},"modified":"2020-02-12T16:14:24","modified_gmt":"2020-02-12T15:14:24","slug":"onm-rekomandon-ankimimin-per-kryeprokuroren-e-durresit","status":"publish","type":"post","link":"https:\/\/zjarr.tv\/en\/onm-rekomandon-ankimimin-per-kryeprokuroren-e-durresit\/","title":{"rendered":"ONM rekomandon ankimimin p\u00ebr kryeprokuroren e Durr\u00ebsit"},"content":{"rendered":"<p>Operacioni Nd\u00ebrkomb\u00ebtar i Monitorimit u ka paraqitur Komisioner\u00ebve Publik\u00eb rekomandimin p\u00ebr t\u00eb ankimuar vendimin e KPK p\u00ebr konfirmimin n\u00eb detyr\u00eb t\u00eb Drejtueses \u00a0s\u00eb Prokuroris\u00eb pran\u00eb Gjykat\u00ebs s\u00eb Shkall\u00ebs s\u00eb Par\u00eb, Durr\u00ebs, Anita Jella. B\u00ebhet e ditur se rekomandimi p\u00ebr ankimimi n\u00eb Kolegjin e Posa\u00e7\u00ebm t\u00eb Apelimit \u00ebsht\u00eb b\u00ebr\u00eb p\u00ebr t\u00eb tria kriteret e rivler\u00ebsimit. N\u00eb nj\u00eb njoftim b\u00ebhet e ditur se Komisioner\u00ebt Publik\u00eb jan\u00eb duke shqyrtuar n\u00eb t\u00eb nj\u00ebjt\u00ebn koh\u00eb vendimin e Komisionit t\u00eb Pavarur t\u00eb Kualifikimit dhe rekomandimin e Operacionit Nd\u00ebrkomb\u00ebtar t\u00eb Monitorimit.<\/p>","protected":false},"excerpt":{"rendered":"<p>Operacioni Nd\u00ebrkomb\u00ebtar i Monitorimit u ka paraqitur Komisioner\u00ebve Publik\u00eb rekomandimin p\u00ebr t\u00eb ankimuar vendimin e KPK p\u00ebr konfirmimin n\u00eb detyr\u00eb t\u00eb Drejtueses \u00a0s\u00eb Prokuroris\u00eb pran\u00eb Gjykat\u00ebs s\u00eb Shkall\u00ebs s\u00eb Par\u00eb, Durr\u00ebs, Anita Jella. B\u00ebhet e ditur se rekomandimi p\u00ebr ankimimi n\u00eb Kolegjin e Posa\u00e7\u00ebm t\u00eb Apelimit \u00ebsht\u00eb b\u00ebr\u00eb p\u00ebr t\u00eb tria kriteret e rivler\u00ebsimit. N\u00eb [&hellip;]<\/p>\n","protected":false},"author":2013,"featured_media":121898,"comment_status":"open","ping_status":"closed","sticky":false,"template":"","format":"standard","meta":{"footnotes":""},"categories":[241,235],"tags":[],"class_list":{"0":"post-121895","1":"post","2":"type-post","3":"status-publish","4":"format-standard","5":"has-post-thumbnail","7":"category-aktualitet","8":"category-vendi"},"_links":{"self":[{"href":"https:\/\/zjarr.tv\/en\/wp-json\/wp\/v2\/posts\/121895","targetHints":{"allow":["GET"]}}],"collection":[{"href":"https:\/\/zjarr.tv\/en\/wp-json\/wp\/v2\/posts"}],"about":[{"href":"https:\/\/zjarr.tv\/en\/wp-json\/wp\/v2\/types\/post"}],"author":[{"embeddable":true,"href":"https:\/\/zjarr.tv\/en\/wp-json\/wp\/v2\/users\/2013"}],"replies":[{"embeddable":true,"href":"https:\/\/zjarr.tv\/en\/wp-json\/wp\/v2\/comments?post=121895"}],"version-history":[{"count":0,"href":"https:\/\/zjarr.tv\/en\/wp-json\/wp\/v2\/posts\/121895\/revisions"}],"wp:featuredmedia":[{"embeddable":true,"href":"https:\/\/zjarr.tv\/en\/wp-json\/wp\/v2\/media\/121898"}],"wp:attachment":[{"href":"https:\/\/zjarr.tv\/en\/wp-json\/wp\/v2\/media?parent=121895"}],"wp:term":[{"taxonomy":"category","embeddable":true,"href":"https:\/\/zjarr.tv\/en\/wp-json\/wp\/v2\/categories?post=121895"},{"taxonomy":"post_tag","embeddable":true,"href":"https:\/\/zjarr.tv\/en\/wp-json\/wp\/v2\/tags?post=121895"}],"curies":[{"name":"wp","href":"https:\/\/api.w.org\/{rel}","templated":true}]}}