{"id":121903,"date":"2020-02-12T16:17:08","date_gmt":"2020-02-12T15:17:08","guid":{"rendered":"https:\/\/zjarr.tv\/?p=121903"},"modified":"2020-02-12T16:17:08","modified_gmt":"2020-02-12T15:17:08","slug":"albin-kurti-e-aleksander-vucic-perballja-e-pare-ne-mynih","status":"publish","type":"post","link":"https:\/\/zjarr.tv\/en\/albin-kurti-e-aleksander-vucic-perballja-e-pare-ne-mynih\/","title":{"rendered":"Albin Kurti e Aleksand\u00ebr Vu\u00e7i\u00e7 p\u00ebrballja e par\u00eb n\u00eb Mynih"},"content":{"rendered":"<p>Kryeministri i ri i Kosov\u00ebs, Albin Kurti, pritet k\u00ebt\u00eb fundjav\u00eb t\u00eb p\u00ebrballet p\u00ebr her\u00eb t\u00eb par\u00eb personalisht me presidentin e Serbis\u00eb, Aleksand\u00ebr Vu\u00e7i\u00e7. Dy shtetar\u00ebt do t\u00eb jen\u00eb t\u00eb ftuar n\u00eb nj\u00eb konferenc\u00eb me dyer t\u00eb mbyllura p\u00ebr sigurin\u00eb, q\u00eb zhvillohet t\u00eb premten deri t\u00eb diel\u00ebn n\u00eb Mynih t\u00eb Gjermanis\u00eb.<\/p>\n<p><em>&#8220;Albin Kurti do t\u00eb jet\u00eb i pranish\u00ebm n\u00eb panelin e p\u00ebrbashk\u00ebt n\u00eb Mynih, dhe do t\u00eb shohim si do t\u00eb jet\u00eb atmosfera. Mendoj se do t\u00eb jet\u00eb nj\u00eb mund\u00ebsi e mir\u00eb p\u00ebr t\u00eb vler\u00ebsuar drejtimin n\u00eb t\u00eb cilin mund t\u00eb fillojn\u00eb bisedimet, prandaj p\u00ebr ne ka r\u00ebnd\u00ebsi t\u00eb madhe t\u00eb njohim hapat e m\u00ebtejsh\u00ebm t\u00eb qeveris\u00eb s\u00eb Prishtin\u00ebs, t\u00eb gjerman\u00ebve, t\u00eb amerikan\u00ebve dhe t\u00eb tjer\u00ebve n\u00eb bashk\u00ebsin\u00eb nd\u00ebrkomb\u00ebtare,&#8221;\u00a0<\/em>u shpreh Vu\u00e7i\u00e7 n\u00eb nj\u00eb intervist\u00eb p\u00ebr agjencin\u00eb &#8220;Sputnik&#8221;.<\/p>\n<p>N\u00eb vazhd\u00ebn e q\u00ebndrimit n\u00eb Gjermani, dy zyrtar\u00ebt e lart\u00eb kan\u00eb parashikuar edhe takime me Ri\u00e7ard Grenell, ambasadorin dhe emisarin e posa\u00e7\u00ebm amerikan p\u00ebr \u00e7\u00ebshtjen e dialogut Kosov\u00eb-Serbi.<\/p>\n<p>Ky i fundit u shpreh nj\u00eb dit\u00eb m\u00eb par\u00eb se strategjia e presidentit Donald Trump \u00ebsht\u00eb normalizimi i raporteve mes dy fqinj\u00ebve s\u00eb pari ekonomikisht, dhe m\u00eb pas fokusi t\u00eb kaloj\u00eb te problemet politike.<\/p>\n<p>N\u00eb jav\u00ebt e fundit k\u00ebtij objektivi t\u00eb SHBA-s\u00eb i kan\u00eb paraprir\u00eb marr\u00ebveshjet dypal\u00ebshe p\u00ebr rihapjen e linjave ajrore dhe hekurudhore.<\/p>\n<p>\u00c7\u00ebshtjet e reciprocitetit Kosova dhe Serbia do i shtjellojn\u00eb edhe muajin e ardhsh\u00ebm n\u00eb Berlin me kancelaren gjermane Angela Merkel.<\/p>","protected":false},"excerpt":{"rendered":"<p>Kryeministri i ri i Kosov\u00ebs, Albin Kurti, pritet k\u00ebt\u00eb fundjav\u00eb t\u00eb p\u00ebrballet p\u00ebr her\u00eb t\u00eb par\u00eb personalisht me presidentin e Serbis\u00eb, Aleksand\u00ebr Vu\u00e7i\u00e7. Dy shtetar\u00ebt do t\u00eb jen\u00eb t\u00eb ftuar n\u00eb nj\u00eb konferenc\u00eb me dyer t\u00eb mbyllura p\u00ebr sigurin\u00eb, q\u00eb zhvillohet t\u00eb premten deri t\u00eb diel\u00ebn n\u00eb Mynih t\u00eb Gjermanis\u00eb. &#8220;Albin Kurti do t\u00eb jet\u00eb [&hellip;]<\/p>\n","protected":false},"author":2013,"featured_media":121904,"comment_status":"open","ping_status":"closed","sticky":false,"template":"","format":"standard","meta":{"footnotes":""},"categories":[241,2],"tags":[],"class_list":{"0":"post-121903","1":"post","2":"type-post","3":"status-publish","4":"format-standard","5":"has-post-thumbnail","7":"category-aktualitet","8":"category-rajoni"},"_links":{"self":[{"href":"https:\/\/zjarr.tv\/en\/wp-json\/wp\/v2\/posts\/121903","targetHints":{"allow":["GET"]}}],"collection":[{"href":"https:\/\/zjarr.tv\/en\/wp-json\/wp\/v2\/posts"}],"about":[{"href":"https:\/\/zjarr.tv\/en\/wp-json\/wp\/v2\/types\/post"}],"author":[{"embeddable":true,"href":"https:\/\/zjarr.tv\/en\/wp-json\/wp\/v2\/users\/2013"}],"replies":[{"embeddable":true,"href":"https:\/\/zjarr.tv\/en\/wp-json\/wp\/v2\/comments?post=121903"}],"version-history":[{"count":0,"href":"https:\/\/zjarr.tv\/en\/wp-json\/wp\/v2\/posts\/121903\/revisions"}],"wp:featuredmedia":[{"embeddable":true,"href":"https:\/\/zjarr.tv\/en\/wp-json\/wp\/v2\/media\/121904"}],"wp:attachment":[{"href":"https:\/\/zjarr.tv\/en\/wp-json\/wp\/v2\/media?parent=121903"}],"wp:term":[{"taxonomy":"category","embeddable":true,"href":"https:\/\/zjarr.tv\/en\/wp-json\/wp\/v2\/categories?post=121903"},{"taxonomy":"post_tag","embeddable":true,"href":"https:\/\/zjarr.tv\/en\/wp-json\/wp\/v2\/tags?post=121903"}],"curies":[{"name":"wp","href":"https:\/\/api.w.org\/{rel}","templated":true}]}}