{"id":122190,"date":"2020-02-16T13:45:05","date_gmt":"2020-02-16T12:45:05","guid":{"rendered":"https:\/\/zjarr.tv\/?p=122190"},"modified":"2020-02-16T13:45:05","modified_gmt":"2020-02-16T12:45:05","slug":"kryemadhi-takon-punonjesit-e-stacionit-te-pocemit-ne-greve-urie","status":"publish","type":"post","link":"https:\/\/zjarr.tv\/en\/kryemadhi-takon-punonjesit-e-stacionit-te-pocemit-ne-greve-urie\/","title":{"rendered":"Kryemadhi takon punonj\u00ebsit e stacionit t\u00eb Po\u00e7emit n\u00eb grev\u00eb urie"},"content":{"rendered":"<p>Kryetarja e LSI-s\u00eb, Monika Kryemadhi ka takuar grevist\u00ebt e uris\u00eb n\u00eb stacionin e pompimit n\u00eb Po\u00e7em t\u00eb Mallakastr\u00ebs. Grevist\u00ebt e uris\u00eb nuk kan\u00eb dashur q\u00eb takimi mes tyre dhe kreut t\u00eb LSI t\u00eb marr ngjyra politike, por kan\u00eb k\u00ebrkuar q\u00eb ajo t\u00eb vihet n\u00eb dijeni nga vet\u00eb ata se ku q\u00ebndron problemi dhe jo n\u00ebp\u00ebrmjet mediave apo interpretimeve t\u00eb t\u00eb tret\u00ebve q\u00eb mund t\u2019i b\u00ebjn\u00eb problemit t\u00eb tyre. Kryemadhi nga ana e saj i ka d\u00ebgjuar me kujdes ka b\u00ebr\u00eb takimin me pyetje e p\u00ebrgjigje \u00e7ka e ka qart\u00ebsuar m\u00eb s\u00eb miri problemin dhe \u00ebsht\u00eb treguar e gatshme q\u00eb t\u00eb ofroj\u00eb jo nj\u00eb por disa zgjidhje.<\/p>\n<p>Pun\u00ebtor\u00ebt e grev\u00ebs s\u00eb uris\u00eb i kan\u00eb pohuar Kryemadhit se nuk ka negociata as me shtetin e as me privatin pa marr\u00eb m\u00eb par\u00eb 27 pagat e prapambetura pasi ne jemi objekt i r\u00ebnd\u00ebsis\u00eb s\u00eb ve\u00e7ant\u00eb por q\u00eb asnj\u00ebher\u00eb nuk jan\u00eb trajtuar si t\u00eb tilla. N\u00eb takimin q\u00eb ka zgjatur afro 60 minuta, Kryemadhi u premtoi grevist\u00ebve disa zgjidhje, por do t\u00eb shikohet mund\u00ebsia q\u00eb ata t\u00eb marrin pagat n\u00eb nj\u00eb koh\u00eb sa m\u00eb t\u00eb shkurt\u00ebr duke njohur nga af\u00ebr faktor\u00ebt nd\u00ebrkomb\u00ebtar.<\/p>","protected":false},"excerpt":{"rendered":"<p>Kryetarja e LSI-s\u00eb, Monika Kryemadhi ka takuar grevist\u00ebt e uris\u00eb n\u00eb stacionin e pompimit n\u00eb Po\u00e7em t\u00eb Mallakastr\u00ebs. Grevist\u00ebt e uris\u00eb nuk kan\u00eb dashur q\u00eb takimi mes tyre dhe kreut t\u00eb LSI t\u00eb marr ngjyra politike, por kan\u00eb k\u00ebrkuar q\u00eb ajo t\u00eb vihet n\u00eb dijeni nga vet\u00eb ata se ku q\u00ebndron problemi dhe jo n\u00ebp\u00ebrmjet [&hellip;]<\/p>\n","protected":false},"author":2013,"featured_media":0,"comment_status":"open","ping_status":"closed","sticky":false,"template":"","format":"standard","meta":{"footnotes":""},"categories":[241,235],"tags":[],"class_list":{"0":"post-122190","1":"post","2":"type-post","3":"status-publish","4":"format-standard","6":"category-aktualitet","7":"category-vendi"},"_links":{"self":[{"href":"https:\/\/zjarr.tv\/en\/wp-json\/wp\/v2\/posts\/122190","targetHints":{"allow":["GET"]}}],"collection":[{"href":"https:\/\/zjarr.tv\/en\/wp-json\/wp\/v2\/posts"}],"about":[{"href":"https:\/\/zjarr.tv\/en\/wp-json\/wp\/v2\/types\/post"}],"author":[{"embeddable":true,"href":"https:\/\/zjarr.tv\/en\/wp-json\/wp\/v2\/users\/2013"}],"replies":[{"embeddable":true,"href":"https:\/\/zjarr.tv\/en\/wp-json\/wp\/v2\/comments?post=122190"}],"version-history":[{"count":0,"href":"https:\/\/zjarr.tv\/en\/wp-json\/wp\/v2\/posts\/122190\/revisions"}],"wp:attachment":[{"href":"https:\/\/zjarr.tv\/en\/wp-json\/wp\/v2\/media?parent=122190"}],"wp:term":[{"taxonomy":"category","embeddable":true,"href":"https:\/\/zjarr.tv\/en\/wp-json\/wp\/v2\/categories?post=122190"},{"taxonomy":"post_tag","embeddable":true,"href":"https:\/\/zjarr.tv\/en\/wp-json\/wp\/v2\/tags?post=122190"}],"curies":[{"name":"wp","href":"https:\/\/api.w.org\/{rel}","templated":true}]}}